{"id":1039,"date":"2024-06-18T16:50:48","date_gmt":"2024-06-18T14:50:48","guid":{"rendered":"https:\/\/lukasinski.dg.pl\/?p=1039"},"modified":"2024-06-18T16:50:49","modified_gmt":"2024-06-18T14:50:49","slug":"sukces-teatralny-i-teatralne-zakonczenie-roku-szkolnego","status":"publish","type":"post","link":"https:\/\/lukasinski.dg.pl\/?p=1039","title":{"rendered":"Sukces teatralny i teatralne zako\u0144czenie roku szkolnego\u00a0"},"content":{"rendered":"\n<p>Sukces teatralny i teatralne zako\u0144czenie roku szkolnego\u00a0<br>Spektakl \u201eFaust \u2013 opowie\u015b\u0107 o cz\u0142owieku szukaj\u0105cym szcz\u0119\u015bcia\u201d zosta\u0142 nagrodzony II miejscem w czasie XIII Festiwalu Amatorskiego Ruchu Artystycznego FARA. Festiwal mia\u0142 charakter og\u00f3lnopolski. \u00a0Ponadto przez pani\u0105 Jolant\u0119 Motyk\u0119 p.o Dyrektora Chorzowskiego Centrum Kultury nasze Szkolne Ko\u0142o Teatralne Adamantem zosta\u0142o zaproszone do ponownej inscenizacji przedstawienia na deskach ChCK \u2013 tym razem dla uczni\u00f3w chorzowskich szk\u00f3\u0142. Taka propozycja to dla nas wielkie wyr\u00f3\u017cnienie i zaszczyt, z przyjemno\u015bci\u0105 wyst\u0105pimy.\u00a0<br>Zatem \u2013 do zobaczenia po wakacjach. \u00a0\u00a0<br>Foto: Marek Weso\u0142owski i zdj\u0119cia w\u0142asne\u00a0\u00a0<\/p>\n\n\n\n<figure class=\"wp-block-gallery has-nested-images columns-default is-cropped wp-block-gallery-1 is-layout-flex wp-block-gallery-is-layout-flex\">\n<figure class=\"wp-block-image size-large\"><img loading=\"lazy\" decoding=\"async\" width=\"1024\" height=\"682\" data-id=\"1041\" src=\"https:\/\/lukasinski.dg.pl\/wp-content\/uploads\/2024\/06\/031-Faust-2-1024x682.jpg\" alt=\"\" class=\"wp-image-1041\" srcset=\"https:\/\/lukasinski.dg.pl\/wp-content\/uploads\/2024\/06\/031-Faust-2-1024x682.jpg 1024w, https:\/\/lukasinski.dg.pl\/wp-content\/uploads\/2024\/06\/031-Faust-2-300x200.jpg 300w, https:\/\/lukasinski.dg.pl\/wp-content\/uploads\/2024\/06\/031-Faust-2-768x512.jpg 768w, https:\/\/lukasinski.dg.pl\/wp-content\/uploads\/2024\/06\/031-Faust-2-1536x1024.jpg 1536w, https:\/\/lukasinski.dg.pl\/wp-content\/uploads\/2024\/06\/031-Faust-2.jpg 1904w\" sizes=\"auto, (max-width: 1024px) 100vw, 1024px\" \/><\/figure>\n\n\n\n<figure class=\"wp-block-image size-large\"><img loading=\"lazy\" decoding=\"async\" width=\"450\" height=\"545\" data-id=\"1040\" src=\"https:\/\/lukasinski.dg.pl\/wp-content\/uploads\/2024\/06\/Przechwytywanie2-2.png\" alt=\"\" class=\"wp-image-1040\" srcset=\"https:\/\/lukasinski.dg.pl\/wp-content\/uploads\/2024\/06\/Przechwytywanie2-2.png 450w, https:\/\/lukasinski.dg.pl\/wp-content\/uploads\/2024\/06\/Przechwytywanie2-2-248x300.png 248w\" sizes=\"auto, (max-width: 450px) 100vw, 450px\" \/><\/figure>\n\n\n\n<figure class=\"wp-block-image size-large\"><img loading=\"lazy\" decoding=\"async\" width=\"729\" height=\"416\" data-id=\"1042\" src=\"https:\/\/lukasinski.dg.pl\/wp-content\/uploads\/2024\/06\/Przechwytywanie1-3.png\" alt=\"\" class=\"wp-image-1042\" srcset=\"https:\/\/lukasinski.dg.pl\/wp-content\/uploads\/2024\/06\/Przechwytywanie1-3.png 729w, https:\/\/lukasinski.dg.pl\/wp-content\/uploads\/2024\/06\/Przechwytywanie1-3-300x171.png 300w\" sizes=\"auto, (max-width: 729px) 100vw, 729px\" \/><\/figure>\n\n\n\n<figure class=\"wp-block-image size-large\"><img loading=\"lazy\" decoding=\"async\" width=\"1024\" height=\"768\" data-id=\"1045\" src=\"https:\/\/lukasinski.dg.pl\/wp-content\/uploads\/2024\/06\/IMG_0158-3-1024x768.jpg\" alt=\"\" class=\"wp-image-1045\" srcset=\"https:\/\/lukasinski.dg.pl\/wp-content\/uploads\/2024\/06\/IMG_0158-3-1024x768.jpg 1024w, https:\/\/lukasinski.dg.pl\/wp-content\/uploads\/2024\/06\/IMG_0158-3-300x225.jpg 300w, https:\/\/lukasinski.dg.pl\/wp-content\/uploads\/2024\/06\/IMG_0158-3-768x576.jpg 768w, https:\/\/lukasinski.dg.pl\/wp-content\/uploads\/2024\/06\/IMG_0158-3-1536x1152.jpg 1536w, https:\/\/lukasinski.dg.pl\/wp-content\/uploads\/2024\/06\/IMG_0158-3-2048x1536.jpg 2048w\" sizes=\"auto, (max-width: 1024px) 100vw, 1024px\" \/><\/figure>\n\n\n\n<figure class=\"wp-block-image size-large\"><img loading=\"lazy\" decoding=\"async\" width=\"1024\" height=\"683\" data-id=\"1043\" src=\"https:\/\/lukasinski.dg.pl\/wp-content\/uploads\/2024\/06\/014-Faust-2-1024x683.jpg\" alt=\"\" class=\"wp-image-1043\" srcset=\"https:\/\/lukasinski.dg.pl\/wp-content\/uploads\/2024\/06\/014-Faust-2-1024x683.jpg 1024w, https:\/\/lukasinski.dg.pl\/wp-content\/uploads\/2024\/06\/014-Faust-2-300x200.jpg 300w, https:\/\/lukasinski.dg.pl\/wp-content\/uploads\/2024\/06\/014-Faust-2-768x512.jpg 768w, https:\/\/lukasinski.dg.pl\/wp-content\/uploads\/2024\/06\/014-Faust-2-1536x1024.jpg 1536w, https:\/\/lukasinski.dg.pl\/wp-content\/uploads\/2024\/06\/014-Faust-2.jpg 1693w\" sizes=\"auto, (max-width: 1024px) 100vw, 1024px\" \/><\/figure>\n\n\n\n<figure class=\"wp-block-image size-large\"><img loading=\"lazy\" decoding=\"async\" width=\"1024\" height=\"682\" data-id=\"1044\" src=\"https:\/\/lukasinski.dg.pl\/wp-content\/uploads\/2024\/06\/046-Faust-2-1024x682.jpg\" alt=\"\" class=\"wp-image-1044\" srcset=\"https:\/\/lukasinski.dg.pl\/wp-content\/uploads\/2024\/06\/046-Faust-2-1024x682.jpg 1024w, https:\/\/lukasinski.dg.pl\/wp-content\/uploads\/2024\/06\/046-Faust-2-300x200.jpg 300w, https:\/\/lukasinski.dg.pl\/wp-content\/uploads\/2024\/06\/046-Faust-2-768x512.jpg 768w, https:\/\/lukasinski.dg.pl\/wp-content\/uploads\/2024\/06\/046-Faust-2.jpg 1487w\" sizes=\"auto, (max-width: 1024px) 100vw, 1024px\" \/><\/figure>\n<\/figure>\n","protected":false},"excerpt":{"rendered":"<p>Sukces teatralny i teatralne zako\u0144czenie roku szkolnego\u00a0Spektakl \u201eFaust \u2013 opowie\u015b\u0107 o cz\u0142owieku szukaj\u0105cym szcz\u0119\u015bcia\u201d zosta\u0142 nagrodzony II miejscem w czasie XIII Festiwalu Amatorskiego Ruchu Artystycznego&hellip;<\/p>\n","protected":false},"author":1,"featured_media":1045,"comment_status":"closed","ping_status":"closed","sticky":false,"template":"","format":"standard","meta":{"footnotes":""},"categories":[1],"tags":[],"class_list":["post-1039","post","type-post","status-publish","format-standard","has-post-thumbnail","hentry","category-bez-kategorii"],"_links":{"self":[{"href":"https:\/\/lukasinski.dg.pl\/index.php?rest_route=\/wp\/v2\/posts\/1039","targetHints":{"allow":["GET"]}}],"collection":[{"href":"https:\/\/lukasinski.dg.pl\/index.php?rest_route=\/wp\/v2\/posts"}],"about":[{"href":"https:\/\/lukasinski.dg.pl\/index.php?rest_route=\/wp\/v2\/types\/post"}],"author":[{"embeddable":true,"href":"https:\/\/lukasinski.dg.pl\/index.php?rest_route=\/wp\/v2\/users\/1"}],"replies":[{"embeddable":true,"href":"https:\/\/lukasinski.dg.pl\/index.php?rest_route=%2Fwp%2Fv2%2Fcomments&post=1039"}],"version-history":[{"count":1,"href":"https:\/\/lukasinski.dg.pl\/index.php?rest_route=\/wp\/v2\/posts\/1039\/revisions"}],"predecessor-version":[{"id":1046,"href":"https:\/\/lukasinski.dg.pl\/index.php?rest_route=\/wp\/v2\/posts\/1039\/revisions\/1046"}],"wp:featuredmedia":[{"embeddable":true,"href":"https:\/\/lukasinski.dg.pl\/index.php?rest_route=\/wp\/v2\/media\/1045"}],"wp:attachment":[{"href":"https:\/\/lukasinski.dg.pl\/index.php?rest_route=%2Fwp%2Fv2%2Fmedia&parent=1039"}],"wp:term":[{"taxonomy":"category","embeddable":true,"href":"https:\/\/lukasinski.dg.pl\/index.php?rest_route=%2Fwp%2Fv2%2Fcategories&post=1039"},{"taxonomy":"post_tag","embeddable":true,"href":"https:\/\/lukasinski.dg.pl\/index.php?rest_route=%2Fwp%2Fv2%2Ftags&post=1039"}],"curies":[{"name":"wp","href":"https:\/\/api.w.org\/{rel}","templated":true}]}}