{"id":124,"date":"2023-09-23T17:37:53","date_gmt":"2023-09-23T15:37:53","guid":{"rendered":"http:\/\/lukasinski.dg.pl\/?p=124"},"modified":"2023-09-23T17:37:53","modified_gmt":"2023-09-23T15:37:53","slug":"zyczenia-na-nowy-rok-szkolny-2023-2024","status":"publish","type":"post","link":"https:\/\/lukasinski.dg.pl\/?p=124","title":{"rendered":"\u017byczenia na nowy rok szkolny 2023\/2024"},"content":{"rendered":"\n<p>Rozpoczyna si\u0119 nowy rok szkolny 2023\/2024. Wszystkim Nauczycielom i Pracownikom O\u015bwiaty \u017cyczymy spokojnej pracy, daj\u0105cej satysfakcj\u0119 osobist\u0105 i uznanie otoczenia. Niech post\u0119py i osi\u0105gni\u0119cia uczni\u00f3w daj\u0105 Pa\u0144stwu zawsze wiele zadowolenia, a ka\u017cdy dzie\u0144 przynosi rado\u015b\u0107, zapa\u0142 i motywacj\u0119 do dalszej pracy.<\/p>\n\n\n\n<p>Uczniom \u017cyczymy, aby nadchodz\u0105ce miesi\u0105ce by\u0142y nie tylko czasem wyt\u0119\u017conej pracy, ale nios\u0142y ze sob\u0105 tak\u017ce zadowolenie z rozwoju w\u0142asnych zainteresowa\u0144, uzdolnie\u0144, a tak\u017ce mo\u017cliwo\u015bci przebywania w gronie r\u00f3wie\u015bnik\u00f3w. \u017byczymy fascynacji wiedz\u0105 i najwy\u017cszych wynik\u00f3w w kolejnych etapach edukacji. Niech ka\u017cdy dzie\u0144 wzbogaca Was w nowe do\u015bwiadczenia, kt\u00f3re zaowocuj\u0105 w przysz\u0142o\u015bci.<\/p>\n\n\n\n<p>Dyrektor I LO im. W \u0141ukasi\u0144skiego<br>Beata Bo\u0144czak<\/p>\n","protected":false},"excerpt":{"rendered":"<p>Rozpoczyna si\u0119 nowy rok szkolny 2023\/2024. Wszystkim Nauczycielom i Pracownikom O\u015bwiaty \u017cyczymy spokojnej pracy, daj\u0105cej satysfakcj\u0119 osobist\u0105 i uznanie otoczenia. Niech post\u0119py i osi\u0105gni\u0119cia uczni\u00f3w&hellip;<\/p>\n","protected":false},"author":1,"featured_media":125,"comment_status":"closed","ping_status":"closed","sticky":false,"template":"","format":"standard","meta":{"footnotes":""},"categories":[1],"tags":[],"class_list":["post-124","post","type-post","status-publish","format-standard","has-post-thumbnail","hentry","category-bez-kategorii"],"_links":{"self":[{"href":"https:\/\/lukasinski.dg.pl\/index.php?rest_route=\/wp\/v2\/posts\/124","targetHints":{"allow":["GET"]}}],"collection":[{"href":"https:\/\/lukasinski.dg.pl\/index.php?rest_route=\/wp\/v2\/posts"}],"about":[{"href":"https:\/\/lukasinski.dg.pl\/index.php?rest_route=\/wp\/v2\/types\/post"}],"author":[{"embeddable":true,"href":"https:\/\/lukasinski.dg.pl\/index.php?rest_route=\/wp\/v2\/users\/1"}],"replies":[{"embeddable":true,"href":"https:\/\/lukasinski.dg.pl\/index.php?rest_route=%2Fwp%2Fv2%2Fcomments&post=124"}],"version-history":[{"count":1,"href":"https:\/\/lukasinski.dg.pl\/index.php?rest_route=\/wp\/v2\/posts\/124\/revisions"}],"predecessor-version":[{"id":126,"href":"https:\/\/lukasinski.dg.pl\/index.php?rest_route=\/wp\/v2\/posts\/124\/revisions\/126"}],"wp:featuredmedia":[{"embeddable":true,"href":"https:\/\/lukasinski.dg.pl\/index.php?rest_route=\/wp\/v2\/media\/125"}],"wp:attachment":[{"href":"https:\/\/lukasinski.dg.pl\/index.php?rest_route=%2Fwp%2Fv2%2Fmedia&parent=124"}],"wp:term":[{"taxonomy":"category","embeddable":true,"href":"https:\/\/lukasinski.dg.pl\/index.php?rest_route=%2Fwp%2Fv2%2Fcategories&post=124"},{"taxonomy":"post_tag","embeddable":true,"href":"https:\/\/lukasinski.dg.pl\/index.php?rest_route=%2Fwp%2Fv2%2Ftags&post=124"}],"curies":[{"name":"wp","href":"https:\/\/api.w.org\/{rel}","templated":true}]}}