{"id":1262,"date":"2024-09-28T10:54:07","date_gmt":"2024-09-28T08:54:07","guid":{"rendered":"https:\/\/lukasinski.dg.pl\/?p=1262"},"modified":"2024-09-28T10:54:09","modified_gmt":"2024-09-28T08:54:09","slug":"wrzesien-miesiacem-pamieci-narodowej","status":"publish","type":"post","link":"https:\/\/lukasinski.dg.pl\/?p=1262","title":{"rendered":"Wrzesie\u0144 Miesi\u0105cem Pami\u0119ci Narodowej"},"content":{"rendered":"\n<p>Wrzesie\u0144 Miesi\u0105cem Pami\u0119ci Narodowej. W zwi\u0105zku z przypadaj\u0105c\u0105 85 &#8211; rocznic\u0105 wybuchu II wojny \u015bwiatowej- agresj\u0105 lll Rzeszy na Polsk\u0119 w Naszej szkole zosta\u0142y zorganizowane w klasach l &#8211; lV lekcje pokazowe upami\u0119tniaj\u0105ce te tragiczne, ale i zarazem donios\u0142e wydarzenia historyczne. Celem przedsi\u0119wzi\u0119cia by\u0142o u\u015bwiadomienie uczniom, m\u0142odemu pokoleniu w duchu patriotycznego wychowania, jak wielk\u0105 ofiar\u0119 z\u0142o\u017cy\u0142 nar\u00f3d polski w obronie tak wielkich warto\u015bci, jak wolno\u015b\u0107, niepodleg\u0142o\u015b\u0107 i poczucie obowi\u0105zku,<\/p>\n\n\n\n<figure class=\"wp-block-gallery has-nested-images columns-default is-cropped wp-block-gallery-1 is-layout-flex wp-block-gallery-is-layout-flex\">\n<figure class=\"wp-block-image size-large\"><img loading=\"lazy\" decoding=\"async\" width=\"461\" height=\"1024\" data-id=\"1263\" src=\"https:\/\/lukasinski.dg.pl\/wp-content\/uploads\/2024\/09\/6f9a2df0-a7a0-40b0-8e9e-14ecaab6e3ba-461x1024.jpeg\" alt=\"\" class=\"wp-image-1263\" srcset=\"https:\/\/lukasinski.dg.pl\/wp-content\/uploads\/2024\/09\/6f9a2df0-a7a0-40b0-8e9e-14ecaab6e3ba-461x1024.jpeg 461w, https:\/\/lukasinski.dg.pl\/wp-content\/uploads\/2024\/09\/6f9a2df0-a7a0-40b0-8e9e-14ecaab6e3ba-135x300.jpeg 135w, https:\/\/lukasinski.dg.pl\/wp-content\/uploads\/2024\/09\/6f9a2df0-a7a0-40b0-8e9e-14ecaab6e3ba-768x1707.jpeg 768w, https:\/\/lukasinski.dg.pl\/wp-content\/uploads\/2024\/09\/6f9a2df0-a7a0-40b0-8e9e-14ecaab6e3ba-691x1536.jpeg 691w, https:\/\/lukasinski.dg.pl\/wp-content\/uploads\/2024\/09\/6f9a2df0-a7a0-40b0-8e9e-14ecaab6e3ba-rotated.jpeg 900w\" sizes=\"auto, (max-width: 461px) 100vw, 461px\" \/><\/figure>\n\n\n\n<figure class=\"wp-block-image size-large\"><img loading=\"lazy\" decoding=\"async\" width=\"461\" height=\"1024\" data-id=\"1264\" src=\"https:\/\/lukasinski.dg.pl\/wp-content\/uploads\/2024\/09\/591d9554-5dca-4aa2-acca-e2e6a851ae80-461x1024.jpeg\" alt=\"\" class=\"wp-image-1264\" srcset=\"https:\/\/lukasinski.dg.pl\/wp-content\/uploads\/2024\/09\/591d9554-5dca-4aa2-acca-e2e6a851ae80-461x1024.jpeg 461w, https:\/\/lukasinski.dg.pl\/wp-content\/uploads\/2024\/09\/591d9554-5dca-4aa2-acca-e2e6a851ae80-135x300.jpeg 135w, https:\/\/lukasinski.dg.pl\/wp-content\/uploads\/2024\/09\/591d9554-5dca-4aa2-acca-e2e6a851ae80-768x1707.jpeg 768w, https:\/\/lukasinski.dg.pl\/wp-content\/uploads\/2024\/09\/591d9554-5dca-4aa2-acca-e2e6a851ae80-691x1536.jpeg 691w, https:\/\/lukasinski.dg.pl\/wp-content\/uploads\/2024\/09\/591d9554-5dca-4aa2-acca-e2e6a851ae80-rotated.jpeg 900w\" sizes=\"auto, (max-width: 461px) 100vw, 461px\" \/><\/figure>\n\n\n\n<figure class=\"wp-block-image size-large\"><img loading=\"lazy\" decoding=\"async\" width=\"461\" height=\"1024\" data-id=\"1265\" src=\"https:\/\/lukasinski.dg.pl\/wp-content\/uploads\/2024\/09\/7bedb29b-1030-4146-8481-f1e26d07ef54-461x1024.jpeg\" alt=\"\" class=\"wp-image-1265\" srcset=\"https:\/\/lukasinski.dg.pl\/wp-content\/uploads\/2024\/09\/7bedb29b-1030-4146-8481-f1e26d07ef54-461x1024.jpeg 461w, https:\/\/lukasinski.dg.pl\/wp-content\/uploads\/2024\/09\/7bedb29b-1030-4146-8481-f1e26d07ef54-135x300.jpeg 135w, https:\/\/lukasinski.dg.pl\/wp-content\/uploads\/2024\/09\/7bedb29b-1030-4146-8481-f1e26d07ef54-768x1707.jpeg 768w, https:\/\/lukasinski.dg.pl\/wp-content\/uploads\/2024\/09\/7bedb29b-1030-4146-8481-f1e26d07ef54-691x1536.jpeg 691w, https:\/\/lukasinski.dg.pl\/wp-content\/uploads\/2024\/09\/7bedb29b-1030-4146-8481-f1e26d07ef54-rotated.jpeg 900w\" sizes=\"auto, (max-width: 461px) 100vw, 461px\" \/><\/figure>\n<\/figure>\n","protected":false},"excerpt":{"rendered":"<p>Wrzesie\u0144 Miesi\u0105cem Pami\u0119ci Narodowej. W zwi\u0105zku z przypadaj\u0105c\u0105 85 &#8211; rocznic\u0105 wybuchu II wojny \u015bwiatowej- agresj\u0105 lll Rzeszy na Polsk\u0119 w Naszej szkole zosta\u0142y zorganizowane&hellip;<\/p>\n","protected":false},"author":1,"featured_media":1263,"comment_status":"open","ping_status":"open","sticky":false,"template":"","format":"standard","meta":{"footnotes":""},"categories":[1],"tags":[],"class_list":["post-1262","post","type-post","status-publish","format-standard","has-post-thumbnail","hentry","category-bez-kategorii"],"_links":{"self":[{"href":"https:\/\/lukasinski.dg.pl\/index.php?rest_route=\/wp\/v2\/posts\/1262","targetHints":{"allow":["GET"]}}],"collection":[{"href":"https:\/\/lukasinski.dg.pl\/index.php?rest_route=\/wp\/v2\/posts"}],"about":[{"href":"https:\/\/lukasinski.dg.pl\/index.php?rest_route=\/wp\/v2\/types\/post"}],"author":[{"embeddable":true,"href":"https:\/\/lukasinski.dg.pl\/index.php?rest_route=\/wp\/v2\/users\/1"}],"replies":[{"embeddable":true,"href":"https:\/\/lukasinski.dg.pl\/index.php?rest_route=%2Fwp%2Fv2%2Fcomments&post=1262"}],"version-history":[{"count":1,"href":"https:\/\/lukasinski.dg.pl\/index.php?rest_route=\/wp\/v2\/posts\/1262\/revisions"}],"predecessor-version":[{"id":1266,"href":"https:\/\/lukasinski.dg.pl\/index.php?rest_route=\/wp\/v2\/posts\/1262\/revisions\/1266"}],"wp:featuredmedia":[{"embeddable":true,"href":"https:\/\/lukasinski.dg.pl\/index.php?rest_route=\/wp\/v2\/media\/1263"}],"wp:attachment":[{"href":"https:\/\/lukasinski.dg.pl\/index.php?rest_route=%2Fwp%2Fv2%2Fmedia&parent=1262"}],"wp:term":[{"taxonomy":"category","embeddable":true,"href":"https:\/\/lukasinski.dg.pl\/index.php?rest_route=%2Fwp%2Fv2%2Fcategories&post=1262"},{"taxonomy":"post_tag","embeddable":true,"href":"https:\/\/lukasinski.dg.pl\/index.php?rest_route=%2Fwp%2Fv2%2Ftags&post=1262"}],"curies":[{"name":"wp","href":"https:\/\/api.w.org\/{rel}","templated":true}]}}