{"id":1270,"date":"2024-10-03T09:53:42","date_gmt":"2024-10-03T07:53:42","guid":{"rendered":"https:\/\/lukasinski.dg.pl\/?p=1270"},"modified":"2024-10-03T09:53:42","modified_gmt":"2024-10-03T07:53:42","slug":"biblioteka-szkolna-rozpoczyna-jak-co-roku-cykl-comiesiecznych-konkursow-czytelniczo-literackich","status":"publish","type":"post","link":"https:\/\/lukasinski.dg.pl\/?p=1270","title":{"rendered":"Biblioteka szkolna rozpoczyna, jak co roku, cykl comiesi\u0119cznych konkurs\u00f3w czytelniczo-literackich"},"content":{"rendered":"\n<p>Biblioteka szkolna rozpoczyna, jak co roku, cykl comiesi\u0119cznych konkurs\u00f3w czytelniczo-literackich,<strong> <\/strong>kt\u00f3rych celem jest zach\u0119cenie uczni\u00f3w do czytania i poszerzania wiedzy zwi\u0105zanej z tematyk\u0105 konkursu, nabycie przez nich umiej\u0119tno\u015bci korzystania i selekcjonowania r\u00f3\u017cnych \u017ar\u00f3de\u0142 informacji oraz wykorzystywanie warsztatu zbior\u00f3w biblioteki. Tematyk\u0105 pa\u017adziernikowego konkursu jest \u201e\u017bycie i tw\u00f3rczo\u015b\u0107 Juliana Tuwima\u201d w zwi\u0105zku z 130. rocznic\u0105 urodzin poety.&nbsp;&nbsp;<\/p>\n\n\n\n<p>Zapraszamy m\u0142odzie\u017c do wzi\u0119cia udzia\u0142u w konkursie.&nbsp;<\/p>\n","protected":false},"excerpt":{"rendered":"<p>Biblioteka szkolna rozpoczyna, jak co roku, cykl comiesi\u0119cznych konkurs\u00f3w czytelniczo-literackich, kt\u00f3rych celem jest zach\u0119cenie uczni\u00f3w do czytania i poszerzania wiedzy zwi\u0105zanej z tematyk\u0105 konkursu, nabycie&hellip;<\/p>\n","protected":false},"author":1,"featured_media":0,"comment_status":"open","ping_status":"open","sticky":false,"template":"","format":"standard","meta":{"footnotes":""},"categories":[1],"tags":[],"class_list":["post-1270","post","type-post","status-publish","format-standard","hentry","category-bez-kategorii"],"_links":{"self":[{"href":"https:\/\/lukasinski.dg.pl\/index.php?rest_route=\/wp\/v2\/posts\/1270","targetHints":{"allow":["GET"]}}],"collection":[{"href":"https:\/\/lukasinski.dg.pl\/index.php?rest_route=\/wp\/v2\/posts"}],"about":[{"href":"https:\/\/lukasinski.dg.pl\/index.php?rest_route=\/wp\/v2\/types\/post"}],"author":[{"embeddable":true,"href":"https:\/\/lukasinski.dg.pl\/index.php?rest_route=\/wp\/v2\/users\/1"}],"replies":[{"embeddable":true,"href":"https:\/\/lukasinski.dg.pl\/index.php?rest_route=%2Fwp%2Fv2%2Fcomments&post=1270"}],"version-history":[{"count":1,"href":"https:\/\/lukasinski.dg.pl\/index.php?rest_route=\/wp\/v2\/posts\/1270\/revisions"}],"predecessor-version":[{"id":1271,"href":"https:\/\/lukasinski.dg.pl\/index.php?rest_route=\/wp\/v2\/posts\/1270\/revisions\/1271"}],"wp:attachment":[{"href":"https:\/\/lukasinski.dg.pl\/index.php?rest_route=%2Fwp%2Fv2%2Fmedia&parent=1270"}],"wp:term":[{"taxonomy":"category","embeddable":true,"href":"https:\/\/lukasinski.dg.pl\/index.php?rest_route=%2Fwp%2Fv2%2Fcategories&post=1270"},{"taxonomy":"post_tag","embeddable":true,"href":"https:\/\/lukasinski.dg.pl\/index.php?rest_route=%2Fwp%2Fv2%2Ftags&post=1270"}],"curies":[{"name":"wp","href":"https:\/\/api.w.org\/{rel}","templated":true}]}}