{"id":1278,"date":"2024-10-15T09:12:23","date_gmt":"2024-10-15T07:12:23","guid":{"rendered":"https:\/\/lukasinski.dg.pl\/?p=1278"},"modified":"2024-10-15T09:12:23","modified_gmt":"2024-10-15T07:12:23","slug":"mlodziez-nagrodzona-oklaskami-na-stojaco","status":"publish","type":"post","link":"https:\/\/lukasinski.dg.pl\/?p=1278","title":{"rendered":"M\u0142odzie\u017c nagrodzona oklaskami na stoj\u0105co\u00a0\u00a0"},"content":{"rendered":"\n<p>M\u0142odzie\u017c nagrodzona oklaskami na stoj\u0105co&nbsp;&nbsp;<br>\u201eFaust \u2013 opowie\u015b\u0107 o cz\u0142owieku szukaj\u0105cym szcz\u0119\u015bcia\u201d&nbsp;<br>12 pa\u017adziernika 2024 r.<br>Wsp\u00f3\u0142organizatorzy wydarzenia: Gmina Psary oraz Gminny O\u015brodek Kultury.&nbsp;&nbsp;<br>Swoj\u0105 obecno\u015bci\u0105 w tym dniu zaszczycili nas m.in.:&nbsp;<br>&#8211; W\u00f3jt Gminy Psary Pan Tomasz Sad\u0142o\u0144 wraz z ma\u0142\u017conk\u0105,<br>&#8211;&nbsp;Burmistrz Miasta S\u0142awk\u00f3w Pan Rafa\u0142 Adamczyk wraz z ma\u0142\u017conk\u0105,&nbsp;<\/p>\n\n\n\n<p>&#8211; Pani Sekretarz Gminy Psary Mirella Bara\u0144ska-Sorn,<\/p>\n\n\n\n<p>&#8211; Dyrektor GOK-u Gminy Psary Pani Lidia \u015aciwiarska,<br>&#8211;&nbsp;Dyrektor Gminnej Biblioteki Publicznej w Psarach Pani Helena Warczok,<br>&#8211; radni Gminy Psary,<br>&#8211; przedstawiciele instytucji o\u015bwiatowych i kulturalnych, w tym Teatru Zag\u0142\u0119bia w Sosnowcu.&nbsp;<br>Dzia\u0142alno\u015b\u0107 teatralna od wielu lat stanowi jeden z priorytet\u00f3w edukacyjnych I LO w D\u0105browie G\u00f3rniczej. Obraz teatru, jaki uczniowie buduj\u0105 w latach szkolnej nauki&nbsp;<br>oraz wizerunek \u015bwiata, kt\u00f3ry poznaj\u0105 poprzez spektakl, cz\u0119sto pozostaj\u0105&nbsp;<br>w&nbsp;ich pami\u0119ci jako do\u015bwiadczenie, do&nbsp;kt\u00f3rego odwo\u0142uj\u0105 si\u0119 potem jako osoby doros\u0142e. Te aspekty stanowi\u0105 fundamentaln\u0105 warto\u015b\u0107 dzisiejszego spotkania. Jednocze\u015bnie jest ono dowodem aktywizacji wok\u00f3\u0142 teatru zar\u00f3wno uczni\u00f3w, jak i przedstawicieli lokalnych spo\u0142eczno\u015bci.<\/p>\n\n\n\n<p>Wyra\u017camy wdzi\u0119czno\u015b\u0107 W\u0142adzom Gminy Psary oraz Pracownikom Gminnego O\u015brodka Kultury za zaanga\u017cowanie, po\u015bwi\u0119cony czas i okazane serce, a wszystkim naszym widzom, rodzicom i uczniom z r\u00f3\u017cnych szk\u00f3\u0142 za obecno\u015b\u0107 wraz z nami w tym wa\u017cnym dniu.&nbsp;<\/p>\n\n\n\n<figure class=\"wp-block-gallery has-nested-images columns-default is-cropped wp-block-gallery-1 is-layout-flex wp-block-gallery-is-layout-flex\">\n<figure class=\"wp-block-image size-large\"><img loading=\"lazy\" decoding=\"async\" width=\"640\" height=\"480\" data-id=\"1281\" src=\"https:\/\/lukasinski.dg.pl\/wp-content\/uploads\/2024\/10\/3-IMG_3734-2.jpg\" alt=\"\" class=\"wp-image-1281\" srcset=\"https:\/\/lukasinski.dg.pl\/wp-content\/uploads\/2024\/10\/3-IMG_3734-2.jpg 640w, https:\/\/lukasinski.dg.pl\/wp-content\/uploads\/2024\/10\/3-IMG_3734-2-300x225.jpg 300w\" sizes=\"auto, (max-width: 640px) 100vw, 640px\" \/><\/figure>\n\n\n\n<figure class=\"wp-block-image size-large\"><img loading=\"lazy\" decoding=\"async\" width=\"640\" height=\"480\" data-id=\"1279\" src=\"https:\/\/lukasinski.dg.pl\/wp-content\/uploads\/2024\/10\/5-IMG_3744-2.jpg\" alt=\"\" class=\"wp-image-1279\" srcset=\"https:\/\/lukasinski.dg.pl\/wp-content\/uploads\/2024\/10\/5-IMG_3744-2.jpg 640w, https:\/\/lukasinski.dg.pl\/wp-content\/uploads\/2024\/10\/5-IMG_3744-2-300x225.jpg 300w\" sizes=\"auto, (max-width: 640px) 100vw, 640px\" \/><\/figure>\n\n\n\n<figure class=\"wp-block-image size-large\"><img loading=\"lazy\" decoding=\"async\" width=\"640\" height=\"480\" data-id=\"1280\" src=\"https:\/\/lukasinski.dg.pl\/wp-content\/uploads\/2024\/10\/IMG_3735-2.jpg\" alt=\"\" class=\"wp-image-1280\" srcset=\"https:\/\/lukasinski.dg.pl\/wp-content\/uploads\/2024\/10\/IMG_3735-2.jpg 640w, https:\/\/lukasinski.dg.pl\/wp-content\/uploads\/2024\/10\/IMG_3735-2-300x225.jpg 300w\" sizes=\"auto, (max-width: 640px) 100vw, 640px\" \/><\/figure>\n\n\n\n<figure class=\"wp-block-image size-large\"><img loading=\"lazy\" decoding=\"async\" width=\"640\" height=\"480\" data-id=\"1284\" src=\"https:\/\/lukasinski.dg.pl\/wp-content\/uploads\/2024\/10\/2-IMG_3743-2.jpg\" alt=\"\" class=\"wp-image-1284\" srcset=\"https:\/\/lukasinski.dg.pl\/wp-content\/uploads\/2024\/10\/2-IMG_3743-2.jpg 640w, https:\/\/lukasinski.dg.pl\/wp-content\/uploads\/2024\/10\/2-IMG_3743-2-300x225.jpg 300w\" sizes=\"auto, (max-width: 640px) 100vw, 640px\" \/><\/figure>\n\n\n\n<figure class=\"wp-block-image size-large\"><img loading=\"lazy\" decoding=\"async\" width=\"640\" height=\"365\" data-id=\"1283\" src=\"https:\/\/lukasinski.dg.pl\/wp-content\/uploads\/2024\/10\/1.-IMG_3754-2.jpg\" alt=\"\" class=\"wp-image-1283\" srcset=\"https:\/\/lukasinski.dg.pl\/wp-content\/uploads\/2024\/10\/1.-IMG_3754-2.jpg 640w, https:\/\/lukasinski.dg.pl\/wp-content\/uploads\/2024\/10\/1.-IMG_3754-2-300x171.jpg 300w\" sizes=\"auto, (max-width: 640px) 100vw, 640px\" \/><\/figure>\n\n\n\n<figure class=\"wp-block-image size-large\"><img loading=\"lazy\" decoding=\"async\" width=\"1024\" height=\"550\" data-id=\"1282\" src=\"https:\/\/lukasinski.dg.pl\/wp-content\/uploads\/2024\/10\/3E3A18891-2-1024x550.jpg\" alt=\"\" class=\"wp-image-1282\" srcset=\"https:\/\/lukasinski.dg.pl\/wp-content\/uploads\/2024\/10\/3E3A18891-2-1024x550.jpg 1024w, https:\/\/lukasinski.dg.pl\/wp-content\/uploads\/2024\/10\/3E3A18891-2-300x161.jpg 300w, https:\/\/lukasinski.dg.pl\/wp-content\/uploads\/2024\/10\/3E3A18891-2-768x412.jpg 768w, https:\/\/lukasinski.dg.pl\/wp-content\/uploads\/2024\/10\/3E3A18891-2-1536x824.jpg 1536w, https:\/\/lukasinski.dg.pl\/wp-content\/uploads\/2024\/10\/3E3A18891-2-2048x1099.jpg 2048w\" sizes=\"auto, (max-width: 1024px) 100vw, 1024px\" \/><\/figure>\n<\/figure>\n","protected":false},"excerpt":{"rendered":"<p>M\u0142odzie\u017c nagrodzona oklaskami na stoj\u0105co&nbsp;&nbsp;\u201eFaust \u2013 opowie\u015b\u0107 o cz\u0142owieku szukaj\u0105cym szcz\u0119\u015bcia\u201d&nbsp;12 pa\u017adziernika 2024 r.Wsp\u00f3\u0142organizatorzy wydarzenia: Gmina Psary oraz Gminny O\u015brodek Kultury.&nbsp;&nbsp;Swoj\u0105 obecno\u015bci\u0105 w tym dniu&hellip;<\/p>\n","protected":false},"author":1,"featured_media":1284,"comment_status":"open","ping_status":"open","sticky":false,"template":"","format":"standard","meta":{"footnotes":""},"categories":[1],"tags":[],"class_list":["post-1278","post","type-post","status-publish","format-standard","has-post-thumbnail","hentry","category-bez-kategorii"],"_links":{"self":[{"href":"https:\/\/lukasinski.dg.pl\/index.php?rest_route=\/wp\/v2\/posts\/1278","targetHints":{"allow":["GET"]}}],"collection":[{"href":"https:\/\/lukasinski.dg.pl\/index.php?rest_route=\/wp\/v2\/posts"}],"about":[{"href":"https:\/\/lukasinski.dg.pl\/index.php?rest_route=\/wp\/v2\/types\/post"}],"author":[{"embeddable":true,"href":"https:\/\/lukasinski.dg.pl\/index.php?rest_route=\/wp\/v2\/users\/1"}],"replies":[{"embeddable":true,"href":"https:\/\/lukasinski.dg.pl\/index.php?rest_route=%2Fwp%2Fv2%2Fcomments&post=1278"}],"version-history":[{"count":1,"href":"https:\/\/lukasinski.dg.pl\/index.php?rest_route=\/wp\/v2\/posts\/1278\/revisions"}],"predecessor-version":[{"id":1285,"href":"https:\/\/lukasinski.dg.pl\/index.php?rest_route=\/wp\/v2\/posts\/1278\/revisions\/1285"}],"wp:featuredmedia":[{"embeddable":true,"href":"https:\/\/lukasinski.dg.pl\/index.php?rest_route=\/wp\/v2\/media\/1284"}],"wp:attachment":[{"href":"https:\/\/lukasinski.dg.pl\/index.php?rest_route=%2Fwp%2Fv2%2Fmedia&parent=1278"}],"wp:term":[{"taxonomy":"category","embeddable":true,"href":"https:\/\/lukasinski.dg.pl\/index.php?rest_route=%2Fwp%2Fv2%2Fcategories&post=1278"},{"taxonomy":"post_tag","embeddable":true,"href":"https:\/\/lukasinski.dg.pl\/index.php?rest_route=%2Fwp%2Fv2%2Ftags&post=1278"}],"curies":[{"name":"wp","href":"https:\/\/api.w.org\/{rel}","templated":true}]}}