{"id":1308,"date":"2024-11-05T08:18:37","date_gmt":"2024-11-05T07:18:37","guid":{"rendered":"https:\/\/lukasinski.dg.pl\/?p=1308"},"modified":"2024-11-05T08:18:38","modified_gmt":"2024-11-05T07:18:38","slug":"spotkanie-z-poezja","status":"publish","type":"post","link":"https:\/\/lukasinski.dg.pl\/?p=1308","title":{"rendered":"Spotkanie z poezj\u0105\u00a0"},"content":{"rendered":"\n<p>W ramach cyklu spotka\u0144 autorskich z lud\u017ami kultury naszego regionu organizowanych przez bibliotek\u0119 szkoln\u0105 31 pa\u017adziernika br. go\u015bcili\u015bmy pana Adriana Witczaka oraz pana Andrzeja Wilanowskiego. W spotkaniu uczestniczyli uczniowie klasy 3a realizuj\u0105cy j\u0119zyk polski na poziomie rozszerzonym.&nbsp;&nbsp;<\/p>\n\n\n\n<p>Adrian Witczak jest historykiem, poet\u0105 zwi\u0105zanym z kieleckimi grupami literackimi \u201eS\u0142owniacy \u015awietokrzyscy\u201d i \u201eAurea Dicta\u201d, laureatem kilku konkurs\u00f3w poetyckich. Publikowa\u0142 w prasie kulturalno \u2013 literackiej, m.in. \u201e\u015al\u0105sk\u201d, \u201eOpcje\u201d.&nbsp;<\/p>\n\n\n\n<p>Andrzej Wilanowski jest filologiem klasycznym oraz wielkim mi\u0142o\u015bnikiem poezji, r\u00f3wnie\u017c pracuje w MBP w D\u0105browie G\u00f3rniczej w Dziale Promocji.&nbsp;&nbsp;<\/p>\n\n\n\n<p>Zaproszeni go\u015bcie barwnie opowiadali o warsztacie poetyckim, inspiracjach oraz procesie pisania wierszy, przeplataj\u0105c wyk\u0142ad czytaniem liryk\u00f3w z r\u00f3\u017cnych tomik\u00f3w oraz udzielaj\u0105c wskaz\u00f3wek m\u0142odym adeptom pi\u00f3ra.&nbsp;&nbsp;<\/p>\n\n\n\n<p>Obecno\u015b\u0107 wyj\u0105tkowych go\u015bci dostarczy\u0142a nam wielu emocji, a gromkie brawa na zako\u0144czenie spotkania \u015bwiadczy\u0142y o zainteresowaniu i potrzebie obcowania z poezj\u0105. Mamy nadziej\u0119 na kontynuacj\u0119 ciekawych lekcji literatury w tej niecodziennej formie.&nbsp;<\/p>\n\n\n\n<figure class=\"wp-block-gallery has-nested-images columns-default is-cropped wp-block-gallery-1 is-layout-flex wp-block-gallery-is-layout-flex\">\n\n\n<figure class=\"wp-block-image size-large\"><img loading=\"lazy\" decoding=\"async\" width=\"768\" height=\"1024\" data-id=\"1309\" src=\"https:\/\/lukasinski.dg.pl\/wp-content\/uploads\/2024\/11\/b0cb3c78-ad1c-4cab-80e8-321f7c58d0b5-768x1024.jpeg\" alt=\"\" class=\"wp-image-1309\" srcset=\"https:\/\/lukasinski.dg.pl\/wp-content\/uploads\/2024\/11\/b0cb3c78-ad1c-4cab-80e8-321f7c58d0b5-768x1024.jpeg 768w, https:\/\/lukasinski.dg.pl\/wp-content\/uploads\/2024\/11\/b0cb3c78-ad1c-4cab-80e8-321f7c58d0b5-225x300.jpeg 225w, https:\/\/lukasinski.dg.pl\/wp-content\/uploads\/2024\/11\/b0cb3c78-ad1c-4cab-80e8-321f7c58d0b5-1152x1536.jpeg 1152w, https:\/\/lukasinski.dg.pl\/wp-content\/uploads\/2024\/11\/b0cb3c78-ad1c-4cab-80e8-321f7c58d0b5.jpeg 1500w\" sizes=\"auto, (max-width: 768px) 100vw, 768px\" \/><\/figure>\n\n\n\n<figure class=\"wp-block-image size-large\"><img loading=\"lazy\" decoding=\"async\" width=\"768\" height=\"1024\" data-id=\"1310\" src=\"https:\/\/lukasinski.dg.pl\/wp-content\/uploads\/2024\/11\/37ec78f7-2498-4681-8ec3-536e99b7afcd-768x1024.jpeg\" alt=\"\" class=\"wp-image-1310\" srcset=\"https:\/\/lukasinski.dg.pl\/wp-content\/uploads\/2024\/11\/37ec78f7-2498-4681-8ec3-536e99b7afcd-768x1024.jpeg 768w, https:\/\/lukasinski.dg.pl\/wp-content\/uploads\/2024\/11\/37ec78f7-2498-4681-8ec3-536e99b7afcd-225x300.jpeg 225w, https:\/\/lukasinski.dg.pl\/wp-content\/uploads\/2024\/11\/37ec78f7-2498-4681-8ec3-536e99b7afcd-1152x1536.jpeg 1152w, https:\/\/lukasinski.dg.pl\/wp-content\/uploads\/2024\/11\/37ec78f7-2498-4681-8ec3-536e99b7afcd.jpeg 1500w\" sizes=\"auto, (max-width: 768px) 100vw, 768px\" \/><\/figure>\n<\/figure>\n","protected":false},"excerpt":{"rendered":"<p>W ramach cyklu spotka\u0144 autorskich z lud\u017ami kultury naszego regionu organizowanych przez bibliotek\u0119 szkoln\u0105 31 pa\u017adziernika br. go\u015bcili\u015bmy pana Adriana Witczaka oraz pana Andrzeja Wilanowskiego.&hellip;<\/p>\n","protected":false},"author":1,"featured_media":1309,"comment_status":"open","ping_status":"open","sticky":false,"template":"","format":"standard","meta":{"footnotes":""},"categories":[1],"tags":[],"class_list":["post-1308","post","type-post","status-publish","format-standard","has-post-thumbnail","hentry","category-bez-kategorii"],"_links":{"self":[{"href":"https:\/\/lukasinski.dg.pl\/index.php?rest_route=\/wp\/v2\/posts\/1308","targetHints":{"allow":["GET"]}}],"collection":[{"href":"https:\/\/lukasinski.dg.pl\/index.php?rest_route=\/wp\/v2\/posts"}],"about":[{"href":"https:\/\/lukasinski.dg.pl\/index.php?rest_route=\/wp\/v2\/types\/post"}],"author":[{"embeddable":true,"href":"https:\/\/lukasinski.dg.pl\/index.php?rest_route=\/wp\/v2\/users\/1"}],"replies":[{"embeddable":true,"href":"https:\/\/lukasinski.dg.pl\/index.php?rest_route=%2Fwp%2Fv2%2Fcomments&post=1308"}],"version-history":[{"count":1,"href":"https:\/\/lukasinski.dg.pl\/index.php?rest_route=\/wp\/v2\/posts\/1308\/revisions"}],"predecessor-version":[{"id":1311,"href":"https:\/\/lukasinski.dg.pl\/index.php?rest_route=\/wp\/v2\/posts\/1308\/revisions\/1311"}],"wp:featuredmedia":[{"embeddable":true,"href":"https:\/\/lukasinski.dg.pl\/index.php?rest_route=\/wp\/v2\/media\/1309"}],"wp:attachment":[{"href":"https:\/\/lukasinski.dg.pl\/index.php?rest_route=%2Fwp%2Fv2%2Fmedia&parent=1308"}],"wp:term":[{"taxonomy":"category","embeddable":true,"href":"https:\/\/lukasinski.dg.pl\/index.php?rest_route=%2Fwp%2Fv2%2Fcategories&post=1308"},{"taxonomy":"post_tag","embeddable":true,"href":"https:\/\/lukasinski.dg.pl\/index.php?rest_route=%2Fwp%2Fv2%2Ftags&post=1308"}],"curies":[{"name":"wp","href":"https:\/\/api.w.org\/{rel}","templated":true}]}}