{"id":1399,"date":"2024-12-01T12:49:31","date_gmt":"2024-12-01T11:49:31","guid":{"rendered":"https:\/\/lukasinski.dg.pl\/?p=1399"},"modified":"2024-12-01T12:49:31","modified_gmt":"2024-12-01T11:49:31","slug":"festiwal-nauki","status":"publish","type":"post","link":"https:\/\/lukasinski.dg.pl\/?p=1399","title":{"rendered":"Festiwal Nauki"},"content":{"rendered":"\n<p><br>Porozumienie o wsp\u00f3\u0142pracy dydaktycznej z Instytutem Filozofii Uniwersytetu \u015al\u0105skiego w Katowicach \u00a0zaowocowa\u0142o regularn\u0105 wsp\u00f3\u0142prac\u0105 z nasz\u0105 szko\u0142\u0105. \u00a0Pani\u0105 dr Mariola Su\u0142kowska-Janowska, prof. U\u015a,\u00a0Dyrektor Kierunk\u00f3w Filozofia, kognitywistyka, doradztwo filozoficzne i coaching w dniu 26 listopada 2024 r. przybli\u017cy\u0142a uczniom kl. 4 e oraz m\u0142odzie\u017cy ucz\u0105cej si\u0119 filozofii na poziomie rozszerzony temat dotycz\u0105cy to\u017csamo\u015bci (jestem czy staj\u0119 si\u0119 sob\u0105?). M\u0142odzie\u017c pozna\u0142a m.in. trzy koncepcje to\u017csamo\u015bci:\u00a0 wielorakiej (\u201epatchworkowej\u201d) F. Nietzschego, transwersalnej (\u201eprzej\u015bcia\u201d) W. Welsha \u00a0i garderobianej (\u201ep\u0142ynnej\u201d) Z. Baumana. Przedstawione koncepcje pozwoli\u0142y nam inaczej spojrze\u0107 na egzystencj\u0119 cz\u0142owieka. \u00a0 \u00a0<\/p>\n\n\n\n<figure class=\"wp-block-image size-full\"><img loading=\"lazy\" decoding=\"async\" width=\"611\" height=\"357\" src=\"https:\/\/lukasinski.dg.pl\/wp-content\/uploads\/2024\/12\/IMG_4184-1.jpg\" alt=\"\" class=\"wp-image-1400\" srcset=\"https:\/\/lukasinski.dg.pl\/wp-content\/uploads\/2024\/12\/IMG_4184-1.jpg 611w, https:\/\/lukasinski.dg.pl\/wp-content\/uploads\/2024\/12\/IMG_4184-1-300x175.jpg 300w\" sizes=\"auto, (max-width: 611px) 100vw, 611px\" \/><\/figure>\n","protected":false},"excerpt":{"rendered":"<p>Porozumienie o wsp\u00f3\u0142pracy dydaktycznej z Instytutem Filozofii Uniwersytetu \u015al\u0105skiego w Katowicach \u00a0zaowocowa\u0142o regularn\u0105 wsp\u00f3\u0142prac\u0105 z nasz\u0105 szko\u0142\u0105. \u00a0Pani\u0105 dr Mariola Su\u0142kowska-Janowska, prof. U\u015a,\u00a0Dyrektor Kierunk\u00f3w Filozofia,&hellip;<\/p>\n","protected":false},"author":1,"featured_media":1400,"comment_status":"open","ping_status":"open","sticky":false,"template":"","format":"standard","meta":{"footnotes":""},"categories":[1],"tags":[],"class_list":["post-1399","post","type-post","status-publish","format-standard","has-post-thumbnail","hentry","category-bez-kategorii"],"_links":{"self":[{"href":"https:\/\/lukasinski.dg.pl\/index.php?rest_route=\/wp\/v2\/posts\/1399","targetHints":{"allow":["GET"]}}],"collection":[{"href":"https:\/\/lukasinski.dg.pl\/index.php?rest_route=\/wp\/v2\/posts"}],"about":[{"href":"https:\/\/lukasinski.dg.pl\/index.php?rest_route=\/wp\/v2\/types\/post"}],"author":[{"embeddable":true,"href":"https:\/\/lukasinski.dg.pl\/index.php?rest_route=\/wp\/v2\/users\/1"}],"replies":[{"embeddable":true,"href":"https:\/\/lukasinski.dg.pl\/index.php?rest_route=%2Fwp%2Fv2%2Fcomments&post=1399"}],"version-history":[{"count":1,"href":"https:\/\/lukasinski.dg.pl\/index.php?rest_route=\/wp\/v2\/posts\/1399\/revisions"}],"predecessor-version":[{"id":1401,"href":"https:\/\/lukasinski.dg.pl\/index.php?rest_route=\/wp\/v2\/posts\/1399\/revisions\/1401"}],"wp:featuredmedia":[{"embeddable":true,"href":"https:\/\/lukasinski.dg.pl\/index.php?rest_route=\/wp\/v2\/media\/1400"}],"wp:attachment":[{"href":"https:\/\/lukasinski.dg.pl\/index.php?rest_route=%2Fwp%2Fv2%2Fmedia&parent=1399"}],"wp:term":[{"taxonomy":"category","embeddable":true,"href":"https:\/\/lukasinski.dg.pl\/index.php?rest_route=%2Fwp%2Fv2%2Fcategories&post=1399"},{"taxonomy":"post_tag","embeddable":true,"href":"https:\/\/lukasinski.dg.pl\/index.php?rest_route=%2Fwp%2Fv2%2Ftags&post=1399"}],"curies":[{"name":"wp","href":"https:\/\/api.w.org\/{rel}","templated":true}]}}