{"id":1402,"date":"2024-12-01T12:50:31","date_gmt":"2024-12-01T11:50:31","guid":{"rendered":"https:\/\/lukasinski.dg.pl\/?p=1402"},"modified":"2024-12-01T12:50:31","modified_gmt":"2024-12-01T11:50:31","slug":"czy-istnieja-jeszcze-granice-w-sztuce-wspolczesnej","status":"publish","type":"post","link":"https:\/\/lukasinski.dg.pl\/?p=1402","title":{"rendered":"CZY ISTNIEJ\u0104 (JESZCZE) GRANICE W SZTUCE WSP\u00d3\u0141CZESNEJ?"},"content":{"rendered":"\n<p>Festiwal Nauki \u2013 CZY ISTNIEJ\u0104 (JESZCZE) GRANICE W SZTUCE WSP\u00d3\u0141CZESNEJ?<br>Tak brzmia\u0142 temat zaj\u0119\u0107, kt\u00f3re poprowadzi\u0142a pani dr Mariola Su\u0142kowska-Janowska, prof. U\u015a, Dyrektor Kierunk\u00f3w filozofia, kognitywistyka, doradztwo filozoficzne i coaching dla klasy 2a w dniu 26 listopada 2024 r. M\u0142odzie\u017c pozna\u0142a m.in. charakterystyczne cechy tw\u00f3rczo\u015bci przedstawicieli proto- i post-awangardy, zjawiska psychodelic art. i performance oraz tw\u00f3rczo\u015b\u0107 Marcela Duchampa, Jacksona Pollocka, Tadeusza Kantora. Zaj\u0119cia te stanowi\u0142y tak\u017ce ciekawe otwarcie na \u015bwiat sztuki nam wsp\u00f3\u0142czesnej.\u00a0<\/p>\n\n\n\n<figure class=\"wp-block-gallery has-nested-images columns-default is-cropped wp-block-gallery-1 is-layout-flex wp-block-gallery-is-layout-flex\">\n<figure class=\"wp-block-image size-large\"><img loading=\"lazy\" decoding=\"async\" width=\"433\" height=\"189\" data-id=\"1403\" src=\"https:\/\/lukasinski.dg.pl\/wp-content\/uploads\/2024\/12\/IMG_4174-1.jpg\" alt=\"\" class=\"wp-image-1403\" srcset=\"https:\/\/lukasinski.dg.pl\/wp-content\/uploads\/2024\/12\/IMG_4174-1.jpg 433w, https:\/\/lukasinski.dg.pl\/wp-content\/uploads\/2024\/12\/IMG_4174-1-300x131.jpg 300w\" sizes=\"auto, (max-width: 433px) 100vw, 433px\" \/><\/figure>\n\n\n\n<figure class=\"wp-block-image size-large\"><img loading=\"lazy\" decoding=\"async\" width=\"423\" height=\"231\" data-id=\"1404\" src=\"https:\/\/lukasinski.dg.pl\/wp-content\/uploads\/2024\/12\/IMG_4172-1.jpg\" alt=\"\" class=\"wp-image-1404\" srcset=\"https:\/\/lukasinski.dg.pl\/wp-content\/uploads\/2024\/12\/IMG_4172-1.jpg 423w, https:\/\/lukasinski.dg.pl\/wp-content\/uploads\/2024\/12\/IMG_4172-1-300x164.jpg 300w\" sizes=\"auto, (max-width: 423px) 100vw, 423px\" \/><\/figure>\n<\/figure>\n","protected":false},"excerpt":{"rendered":"<p>Festiwal Nauki \u2013 CZY ISTNIEJ\u0104 (JESZCZE) GRANICE W SZTUCE WSP\u00d3\u0141CZESNEJ?Tak brzmia\u0142 temat zaj\u0119\u0107, kt\u00f3re poprowadzi\u0142a pani dr Mariola Su\u0142kowska-Janowska, prof. U\u015a, Dyrektor Kierunk\u00f3w filozofia, kognitywistyka,&hellip;<\/p>\n","protected":false},"author":1,"featured_media":1404,"comment_status":"open","ping_status":"open","sticky":false,"template":"","format":"standard","meta":{"footnotes":""},"categories":[1],"tags":[],"class_list":["post-1402","post","type-post","status-publish","format-standard","has-post-thumbnail","hentry","category-bez-kategorii"],"_links":{"self":[{"href":"https:\/\/lukasinski.dg.pl\/index.php?rest_route=\/wp\/v2\/posts\/1402","targetHints":{"allow":["GET"]}}],"collection":[{"href":"https:\/\/lukasinski.dg.pl\/index.php?rest_route=\/wp\/v2\/posts"}],"about":[{"href":"https:\/\/lukasinski.dg.pl\/index.php?rest_route=\/wp\/v2\/types\/post"}],"author":[{"embeddable":true,"href":"https:\/\/lukasinski.dg.pl\/index.php?rest_route=\/wp\/v2\/users\/1"}],"replies":[{"embeddable":true,"href":"https:\/\/lukasinski.dg.pl\/index.php?rest_route=%2Fwp%2Fv2%2Fcomments&post=1402"}],"version-history":[{"count":1,"href":"https:\/\/lukasinski.dg.pl\/index.php?rest_route=\/wp\/v2\/posts\/1402\/revisions"}],"predecessor-version":[{"id":1405,"href":"https:\/\/lukasinski.dg.pl\/index.php?rest_route=\/wp\/v2\/posts\/1402\/revisions\/1405"}],"wp:featuredmedia":[{"embeddable":true,"href":"https:\/\/lukasinski.dg.pl\/index.php?rest_route=\/wp\/v2\/media\/1404"}],"wp:attachment":[{"href":"https:\/\/lukasinski.dg.pl\/index.php?rest_route=%2Fwp%2Fv2%2Fmedia&parent=1402"}],"wp:term":[{"taxonomy":"category","embeddable":true,"href":"https:\/\/lukasinski.dg.pl\/index.php?rest_route=%2Fwp%2Fv2%2Fcategories&post=1402"},{"taxonomy":"post_tag","embeddable":true,"href":"https:\/\/lukasinski.dg.pl\/index.php?rest_route=%2Fwp%2Fv2%2Ftags&post=1402"}],"curies":[{"name":"wp","href":"https:\/\/api.w.org\/{rel}","templated":true}]}}