{"id":1495,"date":"2025-02-03T12:03:51","date_gmt":"2025-02-03T11:03:51","guid":{"rendered":"https:\/\/lukasinski.dg.pl\/?p=1495"},"modified":"2025-02-03T12:27:41","modified_gmt":"2025-02-03T11:27:41","slug":"5-lutego-w-naszej-szkole-odbedzie-sie-uroczystosc-dotyczaca-przejecia-prezydencji-w-radzie-unii-europejskiej","status":"publish","type":"post","link":"https:\/\/lukasinski.dg.pl\/?p=1495","title":{"rendered":"5 lutego w Naszej szkole odb\u0119dzie si\u0119 uroczysto\u015b\u0107 dotycz\u0105ca przej\u0119cia prezydencji w Radzie Unii Europejskiej."},"content":{"rendered":"\n<p>5 lutego w Naszej szkole odb\u0119dzie si\u0119 uroczysto\u015b\u0107 dotycz\u0105ca przej\u0119cia prezydencji w Radzie Unii Europejskiej. W zwi\u0105zku z tym donios\u0142ym wydarzeniem, kt\u00f3remu b\u0119d\u0105 towarzyszy\u0107 liczne atrakcje, konkursy ,degustacja rodzimej kuchni ,wystaw\u0105 plakat\u00f3w i dyskoteka uczniowie przychodz\u0105 do szko\u0142y w niebiesko &#8211; \u017c\u00f3\u0142tych uniformach symbolizuj\u0105cych barwy Unii Europejskiej. Zapraszamy ca\u0142\u0105 spo\u0142eczno\u015b\u0107 \u0141ukasiaka, b\u0105d\u017acie z Nami!!!<\/p>\n\n\n\n<ol class=\"wp-block-list\">\n<li><strong>Na godz. 2 czyli od 8.50 do 9.35 &#8211; uczniowie klas I i II (sala gimnastyczna)<\/strong><\/li>\n\n\n\n<li><strong>Na godz. 3 czyli 9.45 do 10.30 &#8211; uczniowie klas III i IV (sala gimnastyczna)<\/strong><\/li>\n\n\n\n<li><strong>Na godz. 5 czyli 11.40 do 12.25 &#8211; zabawa dla wszystkich uczni\u00f3w (mog\u0105 si\u0119 przebra\u0107 karnawa\u0142owo np. maski)\u00a0<\/strong><\/li>\n<\/ol>\n\n\n\n<p><\/p>\n","protected":false},"excerpt":{"rendered":"<p>5 lutego w Naszej szkole odb\u0119dzie si\u0119 uroczysto\u015b\u0107 dotycz\u0105ca przej\u0119cia prezydencji w Radzie Unii Europejskiej. W zwi\u0105zku z tym donios\u0142ym wydarzeniem, kt\u00f3remu b\u0119d\u0105 towarzyszy\u0107 liczne&hellip;<\/p>\n","protected":false},"author":1,"featured_media":0,"comment_status":"open","ping_status":"open","sticky":false,"template":"","format":"standard","meta":{"footnotes":""},"categories":[1],"tags":[],"class_list":["post-1495","post","type-post","status-publish","format-standard","hentry","category-bez-kategorii"],"_links":{"self":[{"href":"https:\/\/lukasinski.dg.pl\/index.php?rest_route=\/wp\/v2\/posts\/1495","targetHints":{"allow":["GET"]}}],"collection":[{"href":"https:\/\/lukasinski.dg.pl\/index.php?rest_route=\/wp\/v2\/posts"}],"about":[{"href":"https:\/\/lukasinski.dg.pl\/index.php?rest_route=\/wp\/v2\/types\/post"}],"author":[{"embeddable":true,"href":"https:\/\/lukasinski.dg.pl\/index.php?rest_route=\/wp\/v2\/users\/1"}],"replies":[{"embeddable":true,"href":"https:\/\/lukasinski.dg.pl\/index.php?rest_route=%2Fwp%2Fv2%2Fcomments&post=1495"}],"version-history":[{"count":3,"href":"https:\/\/lukasinski.dg.pl\/index.php?rest_route=\/wp\/v2\/posts\/1495\/revisions"}],"predecessor-version":[{"id":1499,"href":"https:\/\/lukasinski.dg.pl\/index.php?rest_route=\/wp\/v2\/posts\/1495\/revisions\/1499"}],"wp:attachment":[{"href":"https:\/\/lukasinski.dg.pl\/index.php?rest_route=%2Fwp%2Fv2%2Fmedia&parent=1495"}],"wp:term":[{"taxonomy":"category","embeddable":true,"href":"https:\/\/lukasinski.dg.pl\/index.php?rest_route=%2Fwp%2Fv2%2Fcategories&post=1495"},{"taxonomy":"post_tag","embeddable":true,"href":"https:\/\/lukasinski.dg.pl\/index.php?rest_route=%2Fwp%2Fv2%2Ftags&post=1495"}],"curies":[{"name":"wp","href":"https:\/\/api.w.org\/{rel}","templated":true}]}}