{"id":1711,"date":"2025-05-08T19:06:37","date_gmt":"2025-05-08T17:06:37","guid":{"rendered":"https:\/\/lukasinski.dg.pl\/?p=1711"},"modified":"2025-05-08T19:06:37","modified_gmt":"2025-05-08T17:06:37","slug":"24-04-2025r-w-i-liceum-ogolnoksztalcacym-im-w-lukasinskiego-w-dabrowie-gorniczej-odbyl-sie-iv-regionalny-konkurs-recytatorski-pt-poezja-marii-pawlikowskiej-jasnorzewskiej","status":"publish","type":"post","link":"https:\/\/lukasinski.dg.pl\/?p=1711","title":{"rendered":"24.04.2025r. w I Liceum Og\u00f3lnokszta\u0142c\u0105cym im. W. \u0141ukasi\u0144skiego w D\u0105browie G\u00f3rniczej odby\u0142 si\u0119\u202fIV Regionalny Konkurs Recytatorski pt. \u201ePoezja Marii Pawlikowskiej-Jasnorzewskiej\u201d"},"content":{"rendered":"\n<p>24.04.2025r. w I Liceum Og\u00f3lnokszta\u0142c\u0105cym im. W. \u0141ukasi\u0144skiego w D\u0105browie G\u00f3rniczej odby\u0142 si\u0119\u202fIV Regionalny Konkurs Recytatorski pt. \u201ePoezja Marii Pawlikowskiej &#8211; Jasnorzewskiej\u201d, kt\u00f3ry by\u0142 adresowany do uczni\u00f3w szk\u00f3\u0142 podstawowych oraz \u015brednich i mia\u0142 form\u0119 prezentacji wybranego utworu poetyckiego Marii Pawlikowskiej &#8211; Jasnorzewskiej oraz dowolnego tekstu prozatorskiego. Honorowym patronem i sponsorem nagr\u00f3d by\u0142a Radna Sejmiku Wojew\u00f3dztwa \u015al\u0105skiego Pani Aldona W\u0119grzynowicz.\u00a0<\/p>\n\n\n\n<p>Wyb\u00f3r laureat\u00f3w konkursu by\u0142 bardzo trudny, poniewa\u017c wszyscy uczestnicy wykazali si\u0119 bardzo dobrym przygotowaniem, a niekt\u00f3rzy oryginaln\u0105 interpretacj\u0105. Jury w sk\u0142adzie: Maria Zalejska oraz Ma\u0142gorzata Korpikiewicz wy\u0142oni\u0142o nast\u0119puj\u0105cych zwyci\u0119zc\u00f3w:&nbsp;<\/p>\n\n\n\n<p>W kategorii szk\u00f3\u0142 podstawowych zaj\u0119\u0142y:&nbsp;<\/p>\n\n\n\n<p>I miejsce &#8211;&nbsp; Anna Kosmala ze Szko\u0142y Podstawowej nr 34 w D\u0105browie G\u00f3rniczej&nbsp;<\/p>\n\n\n\n<p>II miejsce&nbsp; &#8211; Oliwia G\u0119borska ze Szko\u0142y Podstawowej nr 27 w D\u0105browie G\u00f3rniczej&nbsp;<\/p>\n\n\n\n<p>III miejsce &#8211; Jagoda Poniewierska ze Szko\u0142y Podstawowej nr 20 w D\u0105browie G\u00f3rniczej&nbsp;<\/p>\n\n\n\n<p>III miejsce &#8211; Zuzanna Ma\u015blak ze Specjalnej Szko\u0142y Podstawowej nr 1 przy S.O.S.W. dla dzieci i m\u0142odzie\u017cy niepe\u0142nosprawnej&nbsp;<\/p>\n\n\n\n<p>Wyr\u00f3\u017cnienie &#8211; Anna Karcz ze Szko\u0142y Podstawowej nr 10 w D\u0105browie G\u00f3rniczej&nbsp;<\/p>\n\n\n\n<p>Wyr\u00f3\u017cnienie \u2013 Hanna Sudo\u0142 ze Szko\u0142y Podstawowej nr 10 w D\u0105browie G\u00f3rniczej&nbsp;<\/p>\n\n\n\n<p>Wyr\u00f3\u017cnienie \u2013 Lena Musia\u0142 ze Szko\u0142y Podstawowej nr 27 w D\u0105browie G\u00f3rniczej&nbsp;<\/p>\n\n\n\n<p>W kategorii szk\u00f3\u0142 \u015brednich zaj\u0119\u0142y:&nbsp;<\/p>\n\n\n\n<p>I miejsce \u2013 Emilia Baran z I LO im. E. Plater w Sosnowcu&nbsp;<\/p>\n\n\n\n<p>I miejsce \u2013 Julia Mika z I LO im. E. Plater w Sosnowcu&nbsp;<\/p>\n\n\n\n<p>II miejsce \u2013 Natalia Kozak z Centrum Kszta\u0142cenia Zawodowego i Ustaw w D\u0105browie G\u00f3rniczej&nbsp;<\/p>\n\n\n\n<p>II miejsce \u2013 Armina Shahbazyan z Akademickiego Liceum Og\u00f3lnokszta\u0142c\u0105cego w D\u0105browie G\u00f3rniczej&nbsp;<\/p>\n","protected":false},"excerpt":{"rendered":"<p>24.04.2025r. w I Liceum Og\u00f3lnokszta\u0142c\u0105cym im. W. \u0141ukasi\u0144skiego w D\u0105browie G\u00f3rniczej odby\u0142 si\u0119\u202fIV Regionalny Konkurs Recytatorski pt. \u201ePoezja Marii Pawlikowskiej &#8211; Jasnorzewskiej\u201d, kt\u00f3ry by\u0142 adresowany&hellip;<\/p>\n","protected":false},"author":1,"featured_media":0,"comment_status":"closed","ping_status":"closed","sticky":false,"template":"","format":"standard","meta":{"footnotes":""},"categories":[1],"tags":[],"class_list":["post-1711","post","type-post","status-publish","format-standard","hentry","category-bez-kategorii"],"_links":{"self":[{"href":"https:\/\/lukasinski.dg.pl\/index.php?rest_route=\/wp\/v2\/posts\/1711","targetHints":{"allow":["GET"]}}],"collection":[{"href":"https:\/\/lukasinski.dg.pl\/index.php?rest_route=\/wp\/v2\/posts"}],"about":[{"href":"https:\/\/lukasinski.dg.pl\/index.php?rest_route=\/wp\/v2\/types\/post"}],"author":[{"embeddable":true,"href":"https:\/\/lukasinski.dg.pl\/index.php?rest_route=\/wp\/v2\/users\/1"}],"replies":[{"embeddable":true,"href":"https:\/\/lukasinski.dg.pl\/index.php?rest_route=%2Fwp%2Fv2%2Fcomments&post=1711"}],"version-history":[{"count":1,"href":"https:\/\/lukasinski.dg.pl\/index.php?rest_route=\/wp\/v2\/posts\/1711\/revisions"}],"predecessor-version":[{"id":1712,"href":"https:\/\/lukasinski.dg.pl\/index.php?rest_route=\/wp\/v2\/posts\/1711\/revisions\/1712"}],"wp:attachment":[{"href":"https:\/\/lukasinski.dg.pl\/index.php?rest_route=%2Fwp%2Fv2%2Fmedia&parent=1711"}],"wp:term":[{"taxonomy":"category","embeddable":true,"href":"https:\/\/lukasinski.dg.pl\/index.php?rest_route=%2Fwp%2Fv2%2Fcategories&post=1711"},{"taxonomy":"post_tag","embeddable":true,"href":"https:\/\/lukasinski.dg.pl\/index.php?rest_route=%2Fwp%2Fv2%2Ftags&post=1711"}],"curies":[{"name":"wp","href":"https:\/\/api.w.org\/{rel}","templated":true}]}}