{"id":2376,"date":"2025-09-29T10:46:10","date_gmt":"2025-09-29T08:46:10","guid":{"rendered":"https:\/\/lukasinski.dg.pl\/?p=2376"},"modified":"2025-09-29T11:40:00","modified_gmt":"2025-09-29T09:40:00","slug":"w-zwiazku-z-ogolnopolskim-dniem-glosnego-czytania-ktory-jest-obchodzony-29-wrzesnia-uczennice-nalezace-do-klubu-milosnikow-ksiazek-goscily-w-przedszkolu-nr-10-w-dabrowie-gorniczej","status":"publish","type":"post","link":"https:\/\/lukasinski.dg.pl\/?p=2376","title":{"rendered":"W zwi\u0105zku z Og\u00f3lnopolskim Dniem G\u0142o\u015bnego Czytania, kt\u00f3ry jest obchodzony 29 wrze\u015bnia, uczennice nale\u017c\u0105ce do Klubu Mi\u0142o\u015bnik\u00f3w Ksi\u0105\u017cek go\u015bci\u0142y w Przedszkolu nr 10 w D\u0105browie G\u00f3rniczej."},"content":{"rendered":"\n<p>W zwi\u0105zku z Og\u00f3lnopolskim Dniem G\u0142o\u015bnego Czytania, kt\u00f3ry jest obchodzony 29 wrze\u015bnia, uczennice nale\u017c\u0105ce do Klubu Mi\u0142o\u015bnik\u00f3w Ksi\u0105\u017cek go\u015bci\u0142y w Przedszkolu nr 10 w D\u0105browie G\u00f3rniczej.<\/p>\n\n\n\n<p><strong>Spotkanie z maluchami rozpocz\u0119li\u015bmy od wzajemnego zapoznania poprzez zadawanie zagadek dotycz\u0105cych znanych bohater\u00f3w bajek i ba\u015bni. Nast\u0119pnie licealistki, czytaj\u0105c bajki i pokazuj\u0105c ilustracje, wsp\u00f3lnie z dzie\u0107mi komentowa\u0142y tekst. Przedszkolaki by\u0142y bardzo zainteresowane, znakomicie si\u0119 orientowa\u0142y i, jak wida\u0107, dobrze si\u0119 bawi\u0142y.&nbsp; Na koniec&nbsp; dzieci otrzyma\u0142y od nas dyplomy za zaanga\u017cowanie i aktywno\u015b\u0107.&nbsp;Mamy nadziej\u0119, \u017ce akcja ta przyczyni si\u0119 do kszta\u0142towania u dzieci nawyku czytania ksi\u0105\u017cek, kt\u00f3ry b\u0119dzie im s\u0142u\u017cy\u0142 przez ca\u0142e \u017cycie.&nbsp;Nasz\u0105 intencj\u0105 by\u0142a promocja czytelnictwa w\u015br\u00f3d najm\u0142odszych poprzez wprowadzenie ich w magiczny \u015bwiat bajek, opowiada\u0144 i wierszy. Czytanie dzieciom na g\u0142os stymuluje ich rozw\u00f3j, poszerza wiedz\u0119 o otaczaj\u0105cym \u015bwiecie, wzbogaca s\u0142ownictwo, pobudza wyobra\u017ani\u0119 i kszta\u0142tuje pozytywne relacje w kontaktach spo\u0142ecznych.&nbsp;G\u0142o\u015bne czytanie buduje siln\u0105 i trwa\u0142\u0105 wi\u0119\u017a mi\u0119dzy doros\u0142ym a dzieckiem.<\/strong><\/p>\n\n\n\n<figure class=\"wp-block-gallery has-nested-images columns-default is-cropped wp-block-gallery-1 is-layout-flex wp-block-gallery-is-layout-flex\">\n<figure class=\"wp-block-image size-large\"><img loading=\"lazy\" decoding=\"async\" width=\"1024\" height=\"768\" data-id=\"2378\" src=\"https:\/\/lukasinski.dg.pl\/wp-content\/uploads\/2025\/09\/Multimedia-20-1024x768.jpeg\" alt=\"\" class=\"wp-image-2378\" srcset=\"https:\/\/lukasinski.dg.pl\/wp-content\/uploads\/2025\/09\/Multimedia-20-1024x768.jpeg 1024w, https:\/\/lukasinski.dg.pl\/wp-content\/uploads\/2025\/09\/Multimedia-20-300x225.jpeg 300w, https:\/\/lukasinski.dg.pl\/wp-content\/uploads\/2025\/09\/Multimedia-20-768x576.jpeg 768w, https:\/\/lukasinski.dg.pl\/wp-content\/uploads\/2025\/09\/Multimedia-20-1536x1152.jpeg 1536w, https:\/\/lukasinski.dg.pl\/wp-content\/uploads\/2025\/09\/Multimedia-20.jpeg 1600w\" sizes=\"auto, (max-width: 1024px) 100vw, 1024px\" \/><\/figure>\n\n\n\n<figure class=\"wp-block-image size-large\"><img loading=\"lazy\" decoding=\"async\" width=\"1024\" height=\"768\" data-id=\"2383\" src=\"https:\/\/lukasinski.dg.pl\/wp-content\/uploads\/2025\/09\/Multimedia-19-1024x768.jpeg\" alt=\"\" class=\"wp-image-2383\" srcset=\"https:\/\/lukasinski.dg.pl\/wp-content\/uploads\/2025\/09\/Multimedia-19-1024x768.jpeg 1024w, https:\/\/lukasinski.dg.pl\/wp-content\/uploads\/2025\/09\/Multimedia-19-300x225.jpeg 300w, https:\/\/lukasinski.dg.pl\/wp-content\/uploads\/2025\/09\/Multimedia-19-768x576.jpeg 768w, https:\/\/lukasinski.dg.pl\/wp-content\/uploads\/2025\/09\/Multimedia-19-1536x1152.jpeg 1536w, https:\/\/lukasinski.dg.pl\/wp-content\/uploads\/2025\/09\/Multimedia-19.jpeg 1600w\" sizes=\"auto, (max-width: 1024px) 100vw, 1024px\" \/><\/figure>\n\n\n\n<figure class=\"wp-block-image size-large\"><img loading=\"lazy\" decoding=\"async\" width=\"1024\" height=\"768\" data-id=\"2380\" src=\"https:\/\/lukasinski.dg.pl\/wp-content\/uploads\/2025\/09\/Multimedia-18-1024x768.jpeg\" alt=\"\" class=\"wp-image-2380\" srcset=\"https:\/\/lukasinski.dg.pl\/wp-content\/uploads\/2025\/09\/Multimedia-18-1024x768.jpeg 1024w, https:\/\/lukasinski.dg.pl\/wp-content\/uploads\/2025\/09\/Multimedia-18-300x225.jpeg 300w, https:\/\/lukasinski.dg.pl\/wp-content\/uploads\/2025\/09\/Multimedia-18-768x576.jpeg 768w, https:\/\/lukasinski.dg.pl\/wp-content\/uploads\/2025\/09\/Multimedia-18-1536x1152.jpeg 1536w, https:\/\/lukasinski.dg.pl\/wp-content\/uploads\/2025\/09\/Multimedia-18.jpeg 1600w\" sizes=\"auto, (max-width: 1024px) 100vw, 1024px\" \/><\/figure>\n\n\n\n<figure class=\"wp-block-image size-large\"><img loading=\"lazy\" decoding=\"async\" width=\"1024\" height=\"768\" data-id=\"2381\" src=\"https:\/\/lukasinski.dg.pl\/wp-content\/uploads\/2025\/09\/Multimedia-17-1024x768.jpeg\" alt=\"\" class=\"wp-image-2381\" srcset=\"https:\/\/lukasinski.dg.pl\/wp-content\/uploads\/2025\/09\/Multimedia-17-1024x768.jpeg 1024w, https:\/\/lukasinski.dg.pl\/wp-content\/uploads\/2025\/09\/Multimedia-17-300x225.jpeg 300w, https:\/\/lukasinski.dg.pl\/wp-content\/uploads\/2025\/09\/Multimedia-17-768x576.jpeg 768w, https:\/\/lukasinski.dg.pl\/wp-content\/uploads\/2025\/09\/Multimedia-17-1536x1152.jpeg 1536w, https:\/\/lukasinski.dg.pl\/wp-content\/uploads\/2025\/09\/Multimedia-17.jpeg 1600w\" sizes=\"auto, (max-width: 1024px) 100vw, 1024px\" \/><\/figure>\n\n\n\n<figure class=\"wp-block-image size-large\"><img loading=\"lazy\" decoding=\"async\" width=\"1024\" height=\"768\" data-id=\"2382\" src=\"https:\/\/lukasinski.dg.pl\/wp-content\/uploads\/2025\/09\/Multimedia-16-1024x768.jpeg\" alt=\"\" class=\"wp-image-2382\" srcset=\"https:\/\/lukasinski.dg.pl\/wp-content\/uploads\/2025\/09\/Multimedia-16-1024x768.jpeg 1024w, https:\/\/lukasinski.dg.pl\/wp-content\/uploads\/2025\/09\/Multimedia-16-300x225.jpeg 300w, https:\/\/lukasinski.dg.pl\/wp-content\/uploads\/2025\/09\/Multimedia-16-768x576.jpeg 768w, https:\/\/lukasinski.dg.pl\/wp-content\/uploads\/2025\/09\/Multimedia-16-1536x1152.jpeg 1536w, https:\/\/lukasinski.dg.pl\/wp-content\/uploads\/2025\/09\/Multimedia-16.jpeg 1663w\" sizes=\"auto, (max-width: 1024px) 100vw, 1024px\" \/><\/figure>\n\n\n\n<figure class=\"wp-block-image size-large\"><img loading=\"lazy\" decoding=\"async\" width=\"1024\" height=\"768\" data-id=\"2379\" src=\"https:\/\/lukasinski.dg.pl\/wp-content\/uploads\/2025\/09\/Multimedia-15-1024x768.jpeg\" alt=\"\" class=\"wp-image-2379\" srcset=\"https:\/\/lukasinski.dg.pl\/wp-content\/uploads\/2025\/09\/Multimedia-15-1024x768.jpeg 1024w, https:\/\/lukasinski.dg.pl\/wp-content\/uploads\/2025\/09\/Multimedia-15-300x225.jpeg 300w, https:\/\/lukasinski.dg.pl\/wp-content\/uploads\/2025\/09\/Multimedia-15-768x576.jpeg 768w, https:\/\/lukasinski.dg.pl\/wp-content\/uploads\/2025\/09\/Multimedia-15-1536x1152.jpeg 1536w, https:\/\/lukasinski.dg.pl\/wp-content\/uploads\/2025\/09\/Multimedia-15.jpeg 1663w\" sizes=\"auto, (max-width: 1024px) 100vw, 1024px\" \/><\/figure>\n<\/figure>\n\n\n\n<p><\/p>\n\n\n\n<p><\/p>\n","protected":false},"excerpt":{"rendered":"<p>W zwi\u0105zku z Og\u00f3lnopolskim Dniem G\u0142o\u015bnego Czytania, kt\u00f3ry jest obchodzony 29 wrze\u015bnia, uczennice nale\u017c\u0105ce do Klubu Mi\u0142o\u015bnik\u00f3w Ksi\u0105\u017cek go\u015bci\u0142y w Przedszkolu nr 10 w D\u0105browie&hellip;<\/p>\n","protected":false},"author":1,"featured_media":2381,"comment_status":"closed","ping_status":"closed","sticky":false,"template":"","format":"standard","meta":{"footnotes":""},"categories":[1],"tags":[],"class_list":["post-2376","post","type-post","status-publish","format-standard","has-post-thumbnail","hentry","category-bez-kategorii"],"_links":{"self":[{"href":"https:\/\/lukasinski.dg.pl\/index.php?rest_route=\/wp\/v2\/posts\/2376","targetHints":{"allow":["GET"]}}],"collection":[{"href":"https:\/\/lukasinski.dg.pl\/index.php?rest_route=\/wp\/v2\/posts"}],"about":[{"href":"https:\/\/lukasinski.dg.pl\/index.php?rest_route=\/wp\/v2\/types\/post"}],"author":[{"embeddable":true,"href":"https:\/\/lukasinski.dg.pl\/index.php?rest_route=\/wp\/v2\/users\/1"}],"replies":[{"embeddable":true,"href":"https:\/\/lukasinski.dg.pl\/index.php?rest_route=%2Fwp%2Fv2%2Fcomments&post=2376"}],"version-history":[{"count":2,"href":"https:\/\/lukasinski.dg.pl\/index.php?rest_route=\/wp\/v2\/posts\/2376\/revisions"}],"predecessor-version":[{"id":2385,"href":"https:\/\/lukasinski.dg.pl\/index.php?rest_route=\/wp\/v2\/posts\/2376\/revisions\/2385"}],"wp:featuredmedia":[{"embeddable":true,"href":"https:\/\/lukasinski.dg.pl\/index.php?rest_route=\/wp\/v2\/media\/2381"}],"wp:attachment":[{"href":"https:\/\/lukasinski.dg.pl\/index.php?rest_route=%2Fwp%2Fv2%2Fmedia&parent=2376"}],"wp:term":[{"taxonomy":"category","embeddable":true,"href":"https:\/\/lukasinski.dg.pl\/index.php?rest_route=%2Fwp%2Fv2%2Fcategories&post=2376"},{"taxonomy":"post_tag","embeddable":true,"href":"https:\/\/lukasinski.dg.pl\/index.php?rest_route=%2Fwp%2Fv2%2Ftags&post=2376"}],"curies":[{"name":"wp","href":"https:\/\/api.w.org\/{rel}","templated":true}]}}