{"id":2425,"date":"2025-10-07T17:26:02","date_gmt":"2025-10-07T15:26:02","guid":{"rendered":"https:\/\/lukasinski.dg.pl\/?p=2425"},"modified":"2025-10-07T17:26:02","modified_gmt":"2025-10-07T15:26:02","slug":"miedzynarodowy-miesiac-bibliotek-szkolnych-2","status":"publish","type":"post","link":"https:\/\/lukasinski.dg.pl\/?p=2425","title":{"rendered":"Mi\u0119dzynarodowy Miesi\u0105c Bibliotek Szkolnych"},"content":{"rendered":"\n<p>Mi\u0119dzynarodowy Miesi\u0105c Bibliotek Szkolnych obchodzony jest na ca\u0142ym \u015bwiecie w pa\u017adzierniku. Jak co roku zach\u0119camy uczni\u00f3w do wzi\u0119cia udzia\u0142u w organizowanych z tej okazji przedsi\u0119wzi\u0119\u0107, kt\u00f3re promuj\u0105 czytelnictwo oraz ukazuj\u0105 potencja\u0142 i dorobek bibliotek szkolnych. W tym roku proponowane has\u0142o obchod\u00f3w MMBS to: <strong>\u201eBiblioteka zaprasza cz\u0142owieka\u201d.<\/strong> Zgodnie z tym has\u0142em biblioteka mo\u017ce by\u0107 miejscem, gdzie opowie\u015b\u0107 wraca do swoich korzeni \u2013 nie jako produkt, ale jako relacja. Uczniowie, kt\u00f3rzy pisz\u0105 w\u0142asne historie, dziel\u0105 si\u0119 wspomnieniami, s\u0142uchaj\u0105 czytanych ksi\u0105\u017cek, do\u015bwiadczaj\u0105 prawdziwego uczestnictwa w kulturze. Wa\u017cna jest przestrze\u0144, w kt\u00f3rej mog\u0105 razem dzia\u0142a\u0107, rozmawia\u0107, wymienia\u0107 si\u0119 do\u015bwiadczeniami. W zwi\u0105zku z tym biblioteka to nie tylko wypo\u017cyczalnia ksi\u0105\u017cek, ale r\u00f3wnie\u017c przestrze\u0144 spotkania, inspiracji i rozwoju osobistego. Serdecznie zach\u0119camy uczni\u00f3w do przyj\u015bcia do biblioteki i wzi\u0119cia udzia\u0142u \u00a0\u00a0w loterii \u201eTajemnicza ksi\u0105\u017cka\u201d oraz rozwi\u0105zaniu \u201eKrzy\u017c\u00f3wki z literackiej p\u00f3\u0142ki\u201d<\/p>\n\n\n\n<figure class=\"wp-block-image size-full\"><img loading=\"lazy\" decoding=\"async\" width=\"917\" height=\"507\" src=\"https:\/\/lukasinski.dg.pl\/wp-content\/uploads\/2025\/10\/image-2.png\" alt=\"\" class=\"wp-image-2426\" srcset=\"https:\/\/lukasinski.dg.pl\/wp-content\/uploads\/2025\/10\/image-2.png 917w, https:\/\/lukasinski.dg.pl\/wp-content\/uploads\/2025\/10\/image-2-300x166.png 300w, https:\/\/lukasinski.dg.pl\/wp-content\/uploads\/2025\/10\/image-2-768x425.png 768w\" sizes=\"auto, (max-width: 917px) 100vw, 917px\" \/><\/figure>\n","protected":false},"excerpt":{"rendered":"<p>Mi\u0119dzynarodowy Miesi\u0105c Bibliotek Szkolnych obchodzony jest na ca\u0142ym \u015bwiecie w pa\u017adzierniku. Jak co roku zach\u0119camy uczni\u00f3w do wzi\u0119cia udzia\u0142u w organizowanych z tej okazji przedsi\u0119wzi\u0119\u0107,&hellip;<\/p>\n","protected":false},"author":1,"featured_media":2426,"comment_status":"closed","ping_status":"open","sticky":false,"template":"","format":"standard","meta":{"footnotes":""},"categories":[1],"tags":[],"class_list":["post-2425","post","type-post","status-publish","format-standard","has-post-thumbnail","hentry","category-bez-kategorii"],"_links":{"self":[{"href":"https:\/\/lukasinski.dg.pl\/index.php?rest_route=\/wp\/v2\/posts\/2425","targetHints":{"allow":["GET"]}}],"collection":[{"href":"https:\/\/lukasinski.dg.pl\/index.php?rest_route=\/wp\/v2\/posts"}],"about":[{"href":"https:\/\/lukasinski.dg.pl\/index.php?rest_route=\/wp\/v2\/types\/post"}],"author":[{"embeddable":true,"href":"https:\/\/lukasinski.dg.pl\/index.php?rest_route=\/wp\/v2\/users\/1"}],"replies":[{"embeddable":true,"href":"https:\/\/lukasinski.dg.pl\/index.php?rest_route=%2Fwp%2Fv2%2Fcomments&post=2425"}],"version-history":[{"count":1,"href":"https:\/\/lukasinski.dg.pl\/index.php?rest_route=\/wp\/v2\/posts\/2425\/revisions"}],"predecessor-version":[{"id":2427,"href":"https:\/\/lukasinski.dg.pl\/index.php?rest_route=\/wp\/v2\/posts\/2425\/revisions\/2427"}],"wp:featuredmedia":[{"embeddable":true,"href":"https:\/\/lukasinski.dg.pl\/index.php?rest_route=\/wp\/v2\/media\/2426"}],"wp:attachment":[{"href":"https:\/\/lukasinski.dg.pl\/index.php?rest_route=%2Fwp%2Fv2%2Fmedia&parent=2425"}],"wp:term":[{"taxonomy":"category","embeddable":true,"href":"https:\/\/lukasinski.dg.pl\/index.php?rest_route=%2Fwp%2Fv2%2Fcategories&post=2425"},{"taxonomy":"post_tag","embeddable":true,"href":"https:\/\/lukasinski.dg.pl\/index.php?rest_route=%2Fwp%2Fv2%2Ftags&post=2425"}],"curies":[{"name":"wp","href":"https:\/\/api.w.org\/{rel}","templated":true}]}}