{"id":2468,"date":"2025-10-20T08:33:15","date_gmt":"2025-10-20T06:33:15","guid":{"rendered":"https:\/\/lukasinski.dg.pl\/?p=2468"},"modified":"2025-10-20T08:33:15","modified_gmt":"2025-10-20T06:33:15","slug":"wystep-szkolnego-kola-teatralnego-adamantem","status":"publish","type":"post","link":"https:\/\/lukasinski.dg.pl\/?p=2468","title":{"rendered":"Wyst\u0119p Szkolnego Ko\u0142a Teatralnego Adamantem"},"content":{"rendered":"\n<p>Wyst\u0119p Szkolnego Ko\u0142a Teatralnego Adamantem w ramach Jubileuszu 15-lecia Zespo\u0142u Wokalnego Strzy\u017cowianki\u00a0<br>Niezwyk\u0142e zaproszenie spotka\u0142o przedstawicielki naszego zespo\u0142u, kt\u00f3re wyst\u0105pi\u0142y w sobot\u0119 18 pa\u017adziernika 2025 r. na scenie O\u015brodka Kultury w Strzy\u017cowicach. Uroczysto\u015b\u0107 zaszczycili swoj\u0105 obecno\u015bci\u0105 m.in.: Pose\u0142 na Sejm RP pani Barbara Dolniak, przedstawiciele w\u0142adz Powiatu B\u0119dzi\u0144skiego oraz Gminy Psary. Dzi\u0119kujemy za zaproszenie, a cz\u0142onkiniom zespo\u0142u wokalnego \u017cyczymy kolejnych pi\u0119knych jubileuszy. By\u0142o kolorowo, troch\u0119 weso\u0142o, troch\u0119 nostalgicznie. To spotkanie stanowi kolejny przyk\u0142ad wspania\u0142ej wsp\u00f3\u0142pracy m\u0142odzie\u017cy i senior\u00f3w oraz konstruktywnej wymiany do\u015bwiadcze\u0144 os\u00f3b z ro\u017cnych \u015brodowisk.\u00a0<\/p>\n\n\n\n<figure class=\"wp-block-gallery has-nested-images columns-default is-cropped wp-block-gallery-1 is-layout-flex wp-block-gallery-is-layout-flex\">\n<figure class=\"wp-block-image size-large\"><img loading=\"lazy\" decoding=\"async\" width=\"1024\" height=\"803\" data-id=\"2469\" src=\"https:\/\/lukasinski.dg.pl\/wp-content\/uploads\/2025\/10\/IMG_0197-2-1024x803.jpg\" alt=\"\" class=\"wp-image-2469\" srcset=\"https:\/\/lukasinski.dg.pl\/wp-content\/uploads\/2025\/10\/IMG_0197-2-1024x803.jpg 1024w, https:\/\/lukasinski.dg.pl\/wp-content\/uploads\/2025\/10\/IMG_0197-2-300x235.jpg 300w, https:\/\/lukasinski.dg.pl\/wp-content\/uploads\/2025\/10\/IMG_0197-2-768x602.jpg 768w, https:\/\/lukasinski.dg.pl\/wp-content\/uploads\/2025\/10\/IMG_0197-2-1536x1204.jpg 1536w, https:\/\/lukasinski.dg.pl\/wp-content\/uploads\/2025\/10\/IMG_0197-2.jpg 1616w\" sizes=\"auto, (max-width: 1024px) 100vw, 1024px\" \/><\/figure>\n\n\n\n<figure class=\"wp-block-image size-large\"><img loading=\"lazy\" decoding=\"async\" width=\"1024\" height=\"532\" data-id=\"2473\" src=\"https:\/\/lukasinski.dg.pl\/wp-content\/uploads\/2025\/10\/IMG_0195-2-1024x532.jpg\" alt=\"\" class=\"wp-image-2473\" srcset=\"https:\/\/lukasinski.dg.pl\/wp-content\/uploads\/2025\/10\/IMG_0195-2-1024x532.jpg 1024w, https:\/\/lukasinski.dg.pl\/wp-content\/uploads\/2025\/10\/IMG_0195-2-300x156.jpg 300w, https:\/\/lukasinski.dg.pl\/wp-content\/uploads\/2025\/10\/IMG_0195-2-768x399.jpg 768w, https:\/\/lukasinski.dg.pl\/wp-content\/uploads\/2025\/10\/IMG_0195-2-1536x798.jpg 1536w, https:\/\/lukasinski.dg.pl\/wp-content\/uploads\/2025\/10\/IMG_0195-2-2048x1064.jpg 2048w\" sizes=\"auto, (max-width: 1024px) 100vw, 1024px\" \/><\/figure>\n\n\n\n<figure class=\"wp-block-image size-large\"><img loading=\"lazy\" decoding=\"async\" width=\"1024\" height=\"710\" data-id=\"2472\" src=\"https:\/\/lukasinski.dg.pl\/wp-content\/uploads\/2025\/10\/IMG_0093-2-1024x710.jpg\" alt=\"\" class=\"wp-image-2472\" srcset=\"https:\/\/lukasinski.dg.pl\/wp-content\/uploads\/2025\/10\/IMG_0093-2-1024x710.jpg 1024w, https:\/\/lukasinski.dg.pl\/wp-content\/uploads\/2025\/10\/IMG_0093-2-300x208.jpg 300w, https:\/\/lukasinski.dg.pl\/wp-content\/uploads\/2025\/10\/IMG_0093-2-768x532.jpg 768w, https:\/\/lukasinski.dg.pl\/wp-content\/uploads\/2025\/10\/IMG_0093-2-1536x1065.jpg 1536w, https:\/\/lukasinski.dg.pl\/wp-content\/uploads\/2025\/10\/IMG_0093-2-2048x1420.jpg 2048w\" sizes=\"auto, (max-width: 1024px) 100vw, 1024px\" \/><\/figure>\n\n\n\n<figure class=\"wp-block-image size-large\"><img loading=\"lazy\" decoding=\"async\" width=\"800\" height=\"600\" data-id=\"2470\" src=\"https:\/\/lukasinski.dg.pl\/wp-content\/uploads\/2025\/10\/IMG_00911-2.jpg\" alt=\"\" class=\"wp-image-2470\" srcset=\"https:\/\/lukasinski.dg.pl\/wp-content\/uploads\/2025\/10\/IMG_00911-2.jpg 800w, https:\/\/lukasinski.dg.pl\/wp-content\/uploads\/2025\/10\/IMG_00911-2-300x225.jpg 300w, https:\/\/lukasinski.dg.pl\/wp-content\/uploads\/2025\/10\/IMG_00911-2-768x576.jpg 768w\" sizes=\"auto, (max-width: 800px) 100vw, 800px\" \/><\/figure>\n\n\n\n<figure class=\"wp-block-image size-large\"><img loading=\"lazy\" decoding=\"async\" width=\"800\" height=\"600\" data-id=\"2471\" src=\"https:\/\/lukasinski.dg.pl\/wp-content\/uploads\/2025\/10\/IMG_0052-2.jpg\" alt=\"\" class=\"wp-image-2471\" srcset=\"https:\/\/lukasinski.dg.pl\/wp-content\/uploads\/2025\/10\/IMG_0052-2.jpg 800w, https:\/\/lukasinski.dg.pl\/wp-content\/uploads\/2025\/10\/IMG_0052-2-300x225.jpg 300w, https:\/\/lukasinski.dg.pl\/wp-content\/uploads\/2025\/10\/IMG_0052-2-768x576.jpg 768w\" sizes=\"auto, (max-width: 800px) 100vw, 800px\" \/><\/figure>\n<\/figure>\n","protected":false},"excerpt":{"rendered":"<p>Wyst\u0119p Szkolnego Ko\u0142a Teatralnego Adamantem w ramach Jubileuszu 15-lecia Zespo\u0142u Wokalnego Strzy\u017cowianki\u00a0Niezwyk\u0142e zaproszenie spotka\u0142o przedstawicielki naszego zespo\u0142u, kt\u00f3re wyst\u0105pi\u0142y w sobot\u0119 18 pa\u017adziernika 2025 r.&hellip;<\/p>\n","protected":false},"author":1,"featured_media":2472,"comment_status":"closed","ping_status":"open","sticky":false,"template":"","format":"standard","meta":{"footnotes":""},"categories":[1],"tags":[],"class_list":["post-2468","post","type-post","status-publish","format-standard","has-post-thumbnail","hentry","category-bez-kategorii"],"_links":{"self":[{"href":"https:\/\/lukasinski.dg.pl\/index.php?rest_route=\/wp\/v2\/posts\/2468","targetHints":{"allow":["GET"]}}],"collection":[{"href":"https:\/\/lukasinski.dg.pl\/index.php?rest_route=\/wp\/v2\/posts"}],"about":[{"href":"https:\/\/lukasinski.dg.pl\/index.php?rest_route=\/wp\/v2\/types\/post"}],"author":[{"embeddable":true,"href":"https:\/\/lukasinski.dg.pl\/index.php?rest_route=\/wp\/v2\/users\/1"}],"replies":[{"embeddable":true,"href":"https:\/\/lukasinski.dg.pl\/index.php?rest_route=%2Fwp%2Fv2%2Fcomments&post=2468"}],"version-history":[{"count":1,"href":"https:\/\/lukasinski.dg.pl\/index.php?rest_route=\/wp\/v2\/posts\/2468\/revisions"}],"predecessor-version":[{"id":2474,"href":"https:\/\/lukasinski.dg.pl\/index.php?rest_route=\/wp\/v2\/posts\/2468\/revisions\/2474"}],"wp:featuredmedia":[{"embeddable":true,"href":"https:\/\/lukasinski.dg.pl\/index.php?rest_route=\/wp\/v2\/media\/2472"}],"wp:attachment":[{"href":"https:\/\/lukasinski.dg.pl\/index.php?rest_route=%2Fwp%2Fv2%2Fmedia&parent=2468"}],"wp:term":[{"taxonomy":"category","embeddable":true,"href":"https:\/\/lukasinski.dg.pl\/index.php?rest_route=%2Fwp%2Fv2%2Fcategories&post=2468"},{"taxonomy":"post_tag","embeddable":true,"href":"https:\/\/lukasinski.dg.pl\/index.php?rest_route=%2Fwp%2Fv2%2Ftags&post=2468"}],"curies":[{"name":"wp","href":"https:\/\/api.w.org\/{rel}","templated":true}]}}