{"id":2482,"date":"2025-10-21T09:08:30","date_gmt":"2025-10-21T07:08:30","guid":{"rendered":"https:\/\/lukasinski.dg.pl\/?p=2482"},"modified":"2025-10-21T09:08:30","modified_gmt":"2025-10-21T07:08:30","slug":"%f0%9f%8f%ab-nasza-szkola-w-projekcie-transformujemy-slaskie-z-mlodymi-i-dla-mlodych","status":"publish","type":"post","link":"https:\/\/lukasinski.dg.pl\/?p=2482","title":{"rendered":"\ud83c\udfeb Nasza szko\u0142a w projekcie \u201eTransformujeMY \u015al\u0105skie. Z m\u0142odymi i dla m\u0142odych\u201d!"},"content":{"rendered":"\n<p>20 pa\u017adziernika pi\u0119cioosobowa reprezentacja naszej szko\u0142y uczestniczy\u0142a w warsztatach edukacyjno-kreatywnych <strong>\u201eTransformujeMY \u015al\u0105skie\u201d<\/strong>, kt\u00f3re odby\u0142y si\u0119 w Amfiteatrze <em>Muszelka<\/em> w Parku Kuronia w Sosnowcu-Kazimierzu.<\/p>\n\n\n\n<p>Podczas zaj\u0119\u0107 uczniowie poznali <strong>proces tworzenia kampanii reklamowej w zespole<\/strong>, od pomys\u0142u po prezentacj\u0119 gotowego projektu. Pracuj\u0105c metod\u0105 <em>design thinking<\/em>, opracowywali w\u0142asne koncepcje <strong>kampanii spo\u0142ecznych<\/strong> dotycz\u0105cych funduszy europejskich, sprawiedliwej transformacji i zr\u00f3wnowa\u017conego rozwoju regionu.<\/p>\n\n\n\n<p>Spotkanie by\u0142o doskona\u0142\u0105 okazj\u0105 do <strong>wymiany do\u015bwiadcze\u0144 i inspiracji<\/strong> \u2013 uczestnicy mogli zapozna\u0107 si\u0119 z ciekawymi pomys\u0142ami innych szk\u00f3\u0142 z ca\u0142ego regionu.<\/p>\n\n\n\n<p>W konkursowej cz\u0119\u015bci warsztat\u00f3w <strong>jury mia\u0142o nie\u0142atwe zadanie<\/strong>, aby wy\u0142oni\u0107 zwyci\u0119zc\u00f3w \u2013 ostateczny werdykt zapad\u0142 dopiero po drugiej turze g\u0142osowania. \ud83c\udfc6<\/p>\n\n\n\n<p>\ud83e\udd47 <strong>I miejsce zdoby\u0142o Liceum im. Emilii Plater w Sosnowcu<\/strong> \u2013 serdecznie gratulujemy zwyci\u0119zcom!<\/p>\n\n\n\n<p>\ud83e\udd48 <strong>Nasza szko\u0142a zaj\u0119\u0142a II miejsce<\/strong>, a jurorzy podkre\u015blili <strong>innowacyjno\u015b\u0107 i \u015bwie\u017ce podej\u015bcie naszego zespo\u0142u<\/strong> do tematu kampanii.<\/p>\n\n\n\n<p>Nasz\u0105 szko\u0142\u0119 reprezentowali: <strong>Igor Pisk\u00f3rz, Karolina Side\u0142ko, Julia Grzesik i Katarzyna Paw\u0142owska<\/strong>. \ud83d\udc4f<\/p>\n\n\n\n<p>By\u0142 to dzie\u0144 pe\u0142en kreatywno\u015bci, wsp\u00f3\u0142pracy i pozytywnej energii, a przede wszystkim dow\u00f3d na to, \u017ce m\u0142odzi ludzie naprawd\u0119 <strong>Transformuj\u0105 \u015al\u0105skie! \ud83d\udc99<\/strong><\/p>\n\n\n\n<figure class=\"wp-block-gallery has-nested-images columns-default is-cropped wp-block-gallery-1 is-layout-flex wp-block-gallery-is-layout-flex\">\n<figure class=\"wp-block-image size-large\"><img loading=\"lazy\" decoding=\"async\" width=\"1024\" height=\"768\" data-id=\"2484\" src=\"https:\/\/lukasinski.dg.pl\/wp-content\/uploads\/2025\/10\/Multimedia-7-1024x768.jpg\" alt=\"\" class=\"wp-image-2484\" srcset=\"https:\/\/lukasinski.dg.pl\/wp-content\/uploads\/2025\/10\/Multimedia-7-1024x768.jpg 1024w, https:\/\/lukasinski.dg.pl\/wp-content\/uploads\/2025\/10\/Multimedia-7-300x225.jpg 300w, https:\/\/lukasinski.dg.pl\/wp-content\/uploads\/2025\/10\/Multimedia-7-768x576.jpg 768w, https:\/\/lukasinski.dg.pl\/wp-content\/uploads\/2025\/10\/Multimedia-7-1536x1152.jpg 1536w, https:\/\/lukasinski.dg.pl\/wp-content\/uploads\/2025\/10\/Multimedia-7-2048x1536.jpg 2048w\" sizes=\"auto, (max-width: 1024px) 100vw, 1024px\" \/><\/figure>\n\n\n\n<figure class=\"wp-block-image size-large\"><img loading=\"lazy\" decoding=\"async\" width=\"1024\" height=\"768\" data-id=\"2483\" src=\"https:\/\/lukasinski.dg.pl\/wp-content\/uploads\/2025\/10\/Multimedia-10-1024x768.jpg\" alt=\"\" class=\"wp-image-2483\" srcset=\"https:\/\/lukasinski.dg.pl\/wp-content\/uploads\/2025\/10\/Multimedia-10-1024x768.jpg 1024w, https:\/\/lukasinski.dg.pl\/wp-content\/uploads\/2025\/10\/Multimedia-10-300x225.jpg 300w, https:\/\/lukasinski.dg.pl\/wp-content\/uploads\/2025\/10\/Multimedia-10-768x576.jpg 768w, https:\/\/lukasinski.dg.pl\/wp-content\/uploads\/2025\/10\/Multimedia-10-1536x1152.jpg 1536w, https:\/\/lukasinski.dg.pl\/wp-content\/uploads\/2025\/10\/Multimedia-10.jpg 1663w\" sizes=\"auto, (max-width: 1024px) 100vw, 1024px\" \/><\/figure>\n\n\n\n<figure class=\"wp-block-image size-large\"><img loading=\"lazy\" decoding=\"async\" width=\"768\" height=\"1024\" data-id=\"2486\" src=\"https:\/\/lukasinski.dg.pl\/wp-content\/uploads\/2025\/10\/Multimedia-5-768x1024.jpg\" alt=\"\" class=\"wp-image-2486\" srcset=\"https:\/\/lukasinski.dg.pl\/wp-content\/uploads\/2025\/10\/Multimedia-5-768x1024.jpg 768w, https:\/\/lukasinski.dg.pl\/wp-content\/uploads\/2025\/10\/Multimedia-5-225x300.jpg 225w, https:\/\/lukasinski.dg.pl\/wp-content\/uploads\/2025\/10\/Multimedia-5-1152x1536.jpg 1152w, https:\/\/lukasinski.dg.pl\/wp-content\/uploads\/2025\/10\/Multimedia-5.jpg 1247w\" sizes=\"auto, (max-width: 768px) 100vw, 768px\" \/><\/figure>\n<\/figure>\n","protected":false},"excerpt":{"rendered":"<p>20 pa\u017adziernika pi\u0119cioosobowa reprezentacja naszej szko\u0142y uczestniczy\u0142a w warsztatach edukacyjno-kreatywnych \u201eTransformujeMY \u015al\u0105skie\u201d, kt\u00f3re odby\u0142y si\u0119 w Amfiteatrze Muszelka w Parku Kuronia w Sosnowcu-Kazimierzu. Podczas zaj\u0119\u0107&hellip;<\/p>\n","protected":false},"author":1,"featured_media":2485,"comment_status":"closed","ping_status":"open","sticky":false,"template":"","format":"standard","meta":{"footnotes":""},"categories":[1],"tags":[],"class_list":["post-2482","post","type-post","status-publish","format-standard","has-post-thumbnail","hentry","category-bez-kategorii"],"_links":{"self":[{"href":"https:\/\/lukasinski.dg.pl\/index.php?rest_route=\/wp\/v2\/posts\/2482","targetHints":{"allow":["GET"]}}],"collection":[{"href":"https:\/\/lukasinski.dg.pl\/index.php?rest_route=\/wp\/v2\/posts"}],"about":[{"href":"https:\/\/lukasinski.dg.pl\/index.php?rest_route=\/wp\/v2\/types\/post"}],"author":[{"embeddable":true,"href":"https:\/\/lukasinski.dg.pl\/index.php?rest_route=\/wp\/v2\/users\/1"}],"replies":[{"embeddable":true,"href":"https:\/\/lukasinski.dg.pl\/index.php?rest_route=%2Fwp%2Fv2%2Fcomments&post=2482"}],"version-history":[{"count":1,"href":"https:\/\/lukasinski.dg.pl\/index.php?rest_route=\/wp\/v2\/posts\/2482\/revisions"}],"predecessor-version":[{"id":2487,"href":"https:\/\/lukasinski.dg.pl\/index.php?rest_route=\/wp\/v2\/posts\/2482\/revisions\/2487"}],"wp:featuredmedia":[{"embeddable":true,"href":"https:\/\/lukasinski.dg.pl\/index.php?rest_route=\/wp\/v2\/media\/2485"}],"wp:attachment":[{"href":"https:\/\/lukasinski.dg.pl\/index.php?rest_route=%2Fwp%2Fv2%2Fmedia&parent=2482"}],"wp:term":[{"taxonomy":"category","embeddable":true,"href":"https:\/\/lukasinski.dg.pl\/index.php?rest_route=%2Fwp%2Fv2%2Fcategories&post=2482"},{"taxonomy":"post_tag","embeddable":true,"href":"https:\/\/lukasinski.dg.pl\/index.php?rest_route=%2Fwp%2Fv2%2Ftags&post=2482"}],"curies":[{"name":"wp","href":"https:\/\/api.w.org\/{rel}","templated":true}]}}