{"id":2726,"date":"2026-03-13T10:11:28","date_gmt":"2026-03-13T09:11:28","guid":{"rendered":"https:\/\/lukasinski.dg.pl\/?p=2726"},"modified":"2026-03-13T10:11:28","modified_gmt":"2026-03-13T09:11:28","slug":"kiermasz-ofert-pracy-dla-uczniow-wspolpraca-z-mlodziezowym-biurem-pracy-w-dabrowie-gorniczej-w-ramach-festiwalu-nauki","status":"publish","type":"post","link":"https:\/\/lukasinski.dg.pl\/?p=2726","title":{"rendered":"Kiermasz ofert pracy dla uczni\u00f3w \u2013 wsp\u00f3\u0142praca z M\u0142odzie\u017cowym Biurem Pracy w D\u0105browie G\u00f3rniczej w ramach Festiwalu Nauki"},"content":{"rendered":"\n<p>W ramach dzia\u0142a\u0144 wspieraj\u0105cych rozw\u00f3j zawodowy uczni\u00f3w, w naszej szkole odby\u0142 si\u0119 <strong>kiermasz ofert pracy<\/strong> przygotowany we wsp\u00f3\u0142pracy z <strong>M\u0142odzie\u017cowe Biuro Pracy<\/strong>. Wydarzenie mia\u0142o na celu zapoznanie m\u0142odzie\u017cy z mo\u017cliwo\u015bciami zatrudnienia i sta\u017cy dost\u0119pnych na lokalnym rynku pracy.<\/p>\n\n\n\n<p>Podczas kiermaszu uczniowie mogli spotka\u0107 si\u0119 bezpo\u015brednio z pracownikami Biura, dowiedzie\u0107 si\u0119 o wymaganiach na poszczeg\u00f3lne stanowiska, zdoby\u0107 praktyczne wskaz\u00f3wki dotycz\u0105ce przygotowania CV oraz rozmowy kwalifikacyjnej. By\u0142a to r\u00f3wnie\u017c okazja do poznania aktualnych ofert pracy dla m\u0142odzie\u017cy i nawi\u0105zania kontakt\u00f3w, kt\u00f3re mog\u0105 przyda\u0107 si\u0119 w przysz\u0142ej karierze zawodowej.<\/p>\n\n\n\n<p>Wydarzenie spotka\u0142o si\u0119 z du\u017cym zainteresowaniem uczni\u00f3w i okaza\u0142o si\u0119 warto\u015bciow\u0105 lekcj\u0105 praktyczn\u0105, pokazuj\u0105c\u0105, jak aktywnie wej\u015b\u0107 na rynek pracy i rozwija\u0107 swoje umiej\u0119tno\u015bci zawodowe.<\/p>\n","protected":false},"excerpt":{"rendered":"<p>W ramach dzia\u0142a\u0144 wspieraj\u0105cych rozw\u00f3j zawodowy uczni\u00f3w, w naszej szkole odby\u0142 si\u0119 kiermasz ofert pracy przygotowany we wsp\u00f3\u0142pracy z M\u0142odzie\u017cowe Biuro Pracy. Wydarzenie mia\u0142o na&hellip;<\/p>\n","protected":false},"author":1,"featured_media":2727,"comment_status":"closed","ping_status":"open","sticky":false,"template":"","format":"standard","meta":{"footnotes":""},"categories":[1],"tags":[],"class_list":["post-2726","post","type-post","status-publish","format-standard","has-post-thumbnail","hentry","category-bez-kategorii"],"_links":{"self":[{"href":"https:\/\/lukasinski.dg.pl\/index.php?rest_route=\/wp\/v2\/posts\/2726","targetHints":{"allow":["GET"]}}],"collection":[{"href":"https:\/\/lukasinski.dg.pl\/index.php?rest_route=\/wp\/v2\/posts"}],"about":[{"href":"https:\/\/lukasinski.dg.pl\/index.php?rest_route=\/wp\/v2\/types\/post"}],"author":[{"embeddable":true,"href":"https:\/\/lukasinski.dg.pl\/index.php?rest_route=\/wp\/v2\/users\/1"}],"replies":[{"embeddable":true,"href":"https:\/\/lukasinski.dg.pl\/index.php?rest_route=%2Fwp%2Fv2%2Fcomments&post=2726"}],"version-history":[{"count":1,"href":"https:\/\/lukasinski.dg.pl\/index.php?rest_route=\/wp\/v2\/posts\/2726\/revisions"}],"predecessor-version":[{"id":2728,"href":"https:\/\/lukasinski.dg.pl\/index.php?rest_route=\/wp\/v2\/posts\/2726\/revisions\/2728"}],"wp:featuredmedia":[{"embeddable":true,"href":"https:\/\/lukasinski.dg.pl\/index.php?rest_route=\/wp\/v2\/media\/2727"}],"wp:attachment":[{"href":"https:\/\/lukasinski.dg.pl\/index.php?rest_route=%2Fwp%2Fv2%2Fmedia&parent=2726"}],"wp:term":[{"taxonomy":"category","embeddable":true,"href":"https:\/\/lukasinski.dg.pl\/index.php?rest_route=%2Fwp%2Fv2%2Fcategories&post=2726"},{"taxonomy":"post_tag","embeddable":true,"href":"https:\/\/lukasinski.dg.pl\/index.php?rest_route=%2Fwp%2Fv2%2Ftags&post=2726"}],"curies":[{"name":"wp","href":"https:\/\/api.w.org\/{rel}","templated":true}]}}