{"id":2729,"date":"2026-03-13T10:12:42","date_gmt":"2026-03-13T09:12:42","guid":{"rendered":"https:\/\/lukasinski.dg.pl\/?p=2729"},"modified":"2026-03-13T10:12:42","modified_gmt":"2026-03-13T09:12:42","slug":"wizyta-akademii-gornoslaskiej-w-naszej-szkole-zajecia-dla-klasy-3g","status":"publish","type":"post","link":"https:\/\/lukasinski.dg.pl\/?p=2729","title":{"rendered":"Wizyta Akademii G\u00f3rno\u015bl\u0105skiej w naszej szkole \u2013 zaj\u0119cia dla klasy 3g"},"content":{"rendered":"\n<p><strong>Wizyta Akademii G\u00f3rno\u015bl\u0105skiej w naszej szkole \u2013 zaj\u0119cia dla klasy 3g<\/strong><\/p>\n\n\n\n<p>W ramach <strong>Festiwal Nauki dnia 12 marca<\/strong> go\u015bcili\u015bmy w murach naszego liceum przedstawicieli <strong>Akademia G\u00f3rno\u015bl\u0105ska<\/strong>. Pracownicy <strong>Centrum Kariery Akademii G\u00f3rno\u015bl\u0105skiej<\/strong> przeprowadzili warsztaty dla klasy 3g, kt\u00f3re mia\u0142y na celu wsparcie uczni\u00f3w w planowaniu \u015bcie\u017cki edukacyjnej i zawodowej.<\/p>\n\n\n\n<p>Podczas zaj\u0119\u0107 uczniowie poznali r\u00f3\u017cne mo\u017cliwo\u015bci rozwoju akademickiego i zawodowego, dowiedzieli si\u0119, jak przygotowa\u0107 swoje CV, zaprezentowa\u0107 swoje mocne strony oraz efektywnie planowa\u0107 dalsz\u0105 edukacj\u0119. Warsztaty by\u0142y interaktywne i pozwoli\u0142y m\u0142odzie\u017cy aktywnie uczestniczy\u0107 w zadaniach praktycznych, rozwijaj\u0105c umiej\u0119tno\u015bci przydatne w przysz\u0142ej karierze.<\/p>\n\n\n\n<p>Wizyta Akademii G\u00f3rno\u015bl\u0105skiej by\u0142a cennym do\u015bwiadczeniem edukacyjnym, kt\u00f3re poszerzy\u0142o wiedz\u0119 uczni\u00f3w na temat rynku pracy i mo\u017cliwo\u015bci dalszego kszta\u0142cenia.<\/p>\n","protected":false},"excerpt":{"rendered":"<p>Wizyta Akademii G\u00f3rno\u015bl\u0105skiej w naszej szkole \u2013 zaj\u0119cia dla klasy 3g W ramach Festiwal Nauki dnia 12 marca go\u015bcili\u015bmy w murach naszego liceum przedstawicieli Akademia&hellip;<\/p>\n","protected":false},"author":1,"featured_media":2730,"comment_status":"closed","ping_status":"open","sticky":false,"template":"","format":"standard","meta":{"footnotes":""},"categories":[1],"tags":[],"class_list":["post-2729","post","type-post","status-publish","format-standard","has-post-thumbnail","hentry","category-bez-kategorii"],"_links":{"self":[{"href":"https:\/\/lukasinski.dg.pl\/index.php?rest_route=\/wp\/v2\/posts\/2729","targetHints":{"allow":["GET"]}}],"collection":[{"href":"https:\/\/lukasinski.dg.pl\/index.php?rest_route=\/wp\/v2\/posts"}],"about":[{"href":"https:\/\/lukasinski.dg.pl\/index.php?rest_route=\/wp\/v2\/types\/post"}],"author":[{"embeddable":true,"href":"https:\/\/lukasinski.dg.pl\/index.php?rest_route=\/wp\/v2\/users\/1"}],"replies":[{"embeddable":true,"href":"https:\/\/lukasinski.dg.pl\/index.php?rest_route=%2Fwp%2Fv2%2Fcomments&post=2729"}],"version-history":[{"count":1,"href":"https:\/\/lukasinski.dg.pl\/index.php?rest_route=\/wp\/v2\/posts\/2729\/revisions"}],"predecessor-version":[{"id":2731,"href":"https:\/\/lukasinski.dg.pl\/index.php?rest_route=\/wp\/v2\/posts\/2729\/revisions\/2731"}],"wp:featuredmedia":[{"embeddable":true,"href":"https:\/\/lukasinski.dg.pl\/index.php?rest_route=\/wp\/v2\/media\/2730"}],"wp:attachment":[{"href":"https:\/\/lukasinski.dg.pl\/index.php?rest_route=%2Fwp%2Fv2%2Fmedia&parent=2729"}],"wp:term":[{"taxonomy":"category","embeddable":true,"href":"https:\/\/lukasinski.dg.pl\/index.php?rest_route=%2Fwp%2Fv2%2Fcategories&post=2729"},{"taxonomy":"post_tag","embeddable":true,"href":"https:\/\/lukasinski.dg.pl\/index.php?rest_route=%2Fwp%2Fv2%2Ftags&post=2729"}],"curies":[{"name":"wp","href":"https:\/\/api.w.org\/{rel}","templated":true}]}}