{"id":2765,"date":"2026-04-27T11:05:50","date_gmt":"2026-04-27T09:05:50","guid":{"rendered":"https:\/\/lukasinski.dg.pl\/?p=2765"},"modified":"2026-04-27T11:05:50","modified_gmt":"2026-04-27T09:05:50","slug":"i-wojewodzki-konkurs-z-jezyka-polskiego-fizyki-i-fotografii","status":"publish","type":"post","link":"https:\/\/lukasinski.dg.pl\/?p=2765","title":{"rendered":"I WOJEW\u00d3DZKI KONKURS Z J\u0118ZYKA POLSKIEGO, FIZYKI I FOTOGRAFII"},"content":{"rendered":"\n<p>\u201eSZKLANE OPOWIE\u015aCI\u201d POD HONOROWYM PATRONATEM PREZYDENTA MIASTA D\u0104BROWA G\u00d3RNICZA ROZSTRZYGNI\u0118TY<\/p>\n\n\n\n<p>W dniu 23 kwietnia 2026 roku w naszym liceum zosta\u0142y wr\u0119czone nagrody dla uczni\u00f3w szk\u00f3\u0142 podstawowych. W wydarzeniu udzia\u0142 wzi\u0119li:<\/p>\n\n\n\n<ul class=\"wp-block-list\">\n<li>pan Arkadiusz Rybak \u2013 Dyrektor Muzeum \u201eSztygarka\u201d w D\u0105browie G\u00f3rniczej,<\/li>\n\n\n\n<li>pani Beata Bo\u0144czak \u2013 Dyrektor naszego liceum,<br>&#8211;\u00a0 pan Mateusz Siembab \u2013 doktor nauk humanistycznych\u00a0wsp\u00f3\u0142pracuj\u0105cy z Muzeum Miejskim \u201eSztygarka\u201d,\u00a0<\/li>\n\n\n\n<li>pan Marek Weso\u0142owski \u2013 przewodnicz\u0105cy Jury, artysta-fotograf z D\u0105browy G\u00f3rniczej, cz\u0142onek Zwi\u0105zku Polskich Artyst\u00f3w Fotografik\u00f3w Okr\u0119g \u015al\u0105ski<\/li>\n\n\n\n<li>pani Dagmara Bugaj \u2013 przewodnicz\u0105ca Jury w kategorii literackiej, nauczyciel j\u0119zyka polskiego w naszym liceum, egzaminator maturalny.<\/li>\n<\/ul>\n\n\n\n<p>WYNIKI W KATEGORII LITERACKI OPIS SZK\u0141A:<\/p>\n\n\n\n<ul class=\"wp-block-list\">\n<li>I miejsce:\u00a0 Aleksandra Rady z Zespo\u0142u Szkolno-Przedszkolnego nr 2 w Sarnowie, nauczyciel prowadz\u0105cy:\u00a0 pani Ma\u0142gorzata Borowiecka,<\/li>\n\n\n\n<li>II miejsce: Julia Szymiec ze Szko\u0142y Podstawowej 21 w D\u0105browie G\u00f3rniczej,<\/li>\n\n\n\n<li>III miejsce: Anita Staro\u0144 ze Szko\u0142y Podstawowej nr 21 w D\u0105browie G\u00f3rniczej, nauczyciel prowadz\u0105cy: pani Jolanta W\u00f3jcik.<br>Wyr\u00f3\u017cnienia:<\/li>\n\n\n\n<li>Antek Siod\u0142ak ze Szko\u0142y Podstawowej nr 7 w D\u0105browie G\u00f3rniczej,\u00a0<br>\u00a0&#8211; Paulina Zawi\u0142a ze Szko\u0142y Podstawowej nr 38 z Oddzia\u0142ami Integracyjnymi\u00a0 \u00a0 \u00a0 \u00a0 \u00a0 \u00a0 \u00a0 \u00a0 \u00a0 \u00a0 \u00a0 \u00a0 \u00a0 \u00a0 \u00a0 \u00a0 \u00a0 \u00a0 \u00a0 \u00a0 \u00a0 \u00a0 \u00a0 \u00a0 \u00a0 \u00a0 \u00a0 \u00a0 \u00a0 \u00a0 \u00a0 \u00a0 \u00a0 \u00a0 \u00a0 \u00a0 \u00a0 \u00a0 \u00a0 \u00a0 \u00a0 im. J\u00f3zefa Nowary w Katowicach,\u00a0nauczyciel prowadz\u0105cy\u00a0pani Ewelina Kuta\u015b,<\/li>\n\n\n\n<li>Klaudia Nowakowska ze Szko\u0142y Podstawowej nr 38 z Oddzia\u0142ami Integracyjnymi\u00a0 \u00a0 \u00a0 \u00a0 \u00a0 \u00a0 \u00a0 \u00a0 \u00a0 \u00a0 \u00a0 \u00a0 \u00a0 \u00a0 \u00a0 \u00a0 \u00a0 \u00a0 \u00a0 \u00a0 \u00a0 \u00a0 \u00a0 \u00a0 \u00a0 \u00a0 \u00a0 \u00a0 \u00a0 \u00a0 \u00a0 \u00a0 \u00a0 \u00a0 \u00a0 \u00a0 \u00a0 \u00a0 \u00a0 \u00a0 \u00a0 im. J\u00f3zefa Nowary w Katowicach,\u00a0nauczyciel prowadz\u0105cy:\u00a0pani Ewelina Kuta\u015b,<\/li>\n\n\n\n<li>Julia Ja\u015bniewicz ze Szko\u0142y Podstawowej nr 21 w D\u0105browie G\u00f3rniczej.<\/li>\n<\/ul>\n\n\n\n<p>WYNIKI W KATEGORII FOTOGRAFIA \u2013 SZK\u0141O HUTY Z\u0104BKOWICE:<\/p>\n\n\n\n<ul class=\"wp-block-list\">\n<li>I miejsce:\u00a0nie przyznano,<\/li>\n\n\n\n<li>II miejsce ex aequo:\u00a0<br>Natasza Stachurska ze Szko\u0142y Podstawowej nr 13 im. Adama Piwowara w\u00a0\u00a0D\u0105browie G\u00f3rniczej (\u201eTalerz z orzechami\u201d), nauczyciel prowadz\u0105cy: pani Agnieszka \u0141\u00f3j,<br>oraz Mateusz Kozie\u0142 ze Szko\u0142y Podstawowej im. Tadeusza Ko\u015bciuszki w D\u0105biu (\u201eB\u0142\u0119kitny migda\u0142ek\u201d), nauczyciel prowadz\u0105cy: pani Dorota Dzielawska,<\/li>\n\n\n\n<li>III miejsce: Micha\u0142 Golda ze Szko\u0142y Podstawowej nr 8 im. Jana Paw\u0142a II w B\u0119dzinie (\u201eKura\u201d), nauczyciel prowadz\u0105cy: pani Aneta Taraszka.<\/li>\n<\/ul>\n\n\n\n<p>WYNIKI W KATEGORII FOTOGRAFIA SZKLANYCH PRZEDMIOT\u00d3W:<\/p>\n\n\n\n<ul class=\"wp-block-list\">\n<li>I miejsce: Jagoda Ostaszewska ze Szko\u0142y Podstawowej nr 21 w D\u0105browie G\u00f3rniczej (tytu\u0142 pracy: \u201eNawiedzona huta\u201d), nauczyciel prowadz\u0105cy: pani Jolanta W\u00f3jcik,<\/li>\n\n\n\n<li>II miejsce: Natasza Cholewa ze Szko\u0142y Podstawowej nr 13 im. Adama Piwowara w D\u0105browie G\u00f3rniczej (tytu\u0142 pracy: \u201eDruga tafla\u201d), nauczyciel prowadz\u0105cy: opiekun: pani Agnieszka \u0141\u00f3j,<\/li>\n\n\n\n<li>III miejsce: Joanna Borowska ze Szko\u0142y Podstawowej nr 13 im. Adama Piwowara w D\u0105browie G\u00f3rniczej (tytu\u0142 pracy: \u201eKolory na lodzie\u201d), nauczyciel prowadz\u0105cy: pani Agnieszka \u0141\u00f3j.<br>Wyr\u00f3\u017cnienia:<\/li>\n\n\n\n<li>Iga Zimoch ze Szko\u0142y Podstawowej nr 33 z Oddzia\u0142ami Sportowymi w D\u0105browie G\u00f3rniczej (tytu\u0142 pracy: \u201eBlask zamkni\u0119ty w szkle\u201d), nauczyciel prowadz\u0105cy: pani Wioleta Latos,\u00a0<\/li>\n\n\n\n<li>Sara Guzi\u0144ska ze Szko\u0142y Podstawowej nr 33 z Oddzia\u0142ami Sportowymi w D\u0105browie G\u00f3rniczej (tytu\u0142 pracy: \u201eKryszta\u0142owa precyzja\u201d), nauczyciel prowadz\u0105cy: pani Wioleta Latos.<br>Wszystkim nagrodzonym serdecznie gratulujemy!<br>Pani Dagmara Bugaj wyrazi\u0142a sw\u00f3j podziw dla talentu m\u0142odych ludzi, kt\u00f3rzy przygotowali teksty zar\u00f3wno prozatorskie, jak i poetyckie na wysokim poziomie, z kolei pan Marek Weso\u0142owski stwierdzi\u0142, \u017ce wszyscy uczniowie obecni na tej gali s\u0105 wygrani, poniewa\u017c potrafi\u0105 sercem patrze\u0107 na otaczaj\u0105cy ich \u015bwiat.<br>Rozdanie nagr\u00f3d by\u0142o po\u0142\u0105czone z prelekcj\u0105 na temat historii Huty Z\u0105bkowice, s\u0142ynnych projektant\u00f3w oraz kultowych przedmiot\u00f3w, kt\u00f3r\u0105 \u00a0przeprowadzi\u0142 pan Mateusz Siembab. Uczestnicy konkursu mogli tak\u017ce zobaczy\u0107 ekspozycj\u0119 szk\u0142a z\u0105bkowickiego oraz wykonane przez uczni\u00f3w nagranie filmowe eksponat\u00f3w pochodz\u0105cych ze zbior\u00f3w Muzeum Miejskiego \u201eSztygarka\u201d.<br>Organizatorem wydarzenia by\u0142o I Liceum Og\u00f3lnokszta\u0142c\u0105ce im. Waleriana \u0141ukasi\u0144skiego w D\u0105browie G\u00f3rniczej, a partnerem wydarzenia \u2013 Muzeum Miejskie \u201eSztygarka\u201d.\u00a0<\/li>\n<\/ul>\n\n\n\n<figure class=\"wp-block-gallery has-nested-images columns-default is-cropped wp-block-gallery-1 is-layout-flex wp-block-gallery-is-layout-flex\">\n<figure class=\"wp-block-image size-large\"><img loading=\"lazy\" decoding=\"async\" width=\"1024\" height=\"768\" data-id=\"2771\" src=\"https:\/\/lukasinski.dg.pl\/wp-content\/uploads\/2026\/04\/Joanna-Borowska-Kolory-na-lodzie-2-1024x768.jpeg\" alt=\"\" class=\"wp-image-2771\" srcset=\"https:\/\/lukasinski.dg.pl\/wp-content\/uploads\/2026\/04\/Joanna-Borowska-Kolory-na-lodzie-2-1024x768.jpeg 1024w, https:\/\/lukasinski.dg.pl\/wp-content\/uploads\/2026\/04\/Joanna-Borowska-Kolory-na-lodzie-2-300x225.jpeg 300w, https:\/\/lukasinski.dg.pl\/wp-content\/uploads\/2026\/04\/Joanna-Borowska-Kolory-na-lodzie-2-768x576.jpeg 768w, https:\/\/lukasinski.dg.pl\/wp-content\/uploads\/2026\/04\/Joanna-Borowska-Kolory-na-lodzie-2-1536x1152.jpeg 1536w, https:\/\/lukasinski.dg.pl\/wp-content\/uploads\/2026\/04\/Joanna-Borowska-Kolory-na-lodzie-2-2048x1536.jpeg 2048w\" sizes=\"auto, (max-width: 1024px) 100vw, 1024px\" \/><\/figure>\n\n\n\n<figure class=\"wp-block-image size-large\"><img loading=\"lazy\" decoding=\"async\" width=\"669\" height=\"1024\" data-id=\"2770\" src=\"https:\/\/lukasinski.dg.pl\/wp-content\/uploads\/2026\/04\/Sara-Guzinska-Krysztalowa-precyzja-2-669x1024.jpg\" alt=\"\" class=\"wp-image-2770\" srcset=\"https:\/\/lukasinski.dg.pl\/wp-content\/uploads\/2026\/04\/Sara-Guzinska-Krysztalowa-precyzja-2-669x1024.jpg 669w, https:\/\/lukasinski.dg.pl\/wp-content\/uploads\/2026\/04\/Sara-Guzinska-Krysztalowa-precyzja-2-196x300.jpg 196w, https:\/\/lukasinski.dg.pl\/wp-content\/uploads\/2026\/04\/Sara-Guzinska-Krysztalowa-precyzja-2-768x1176.jpg 768w, https:\/\/lukasinski.dg.pl\/wp-content\/uploads\/2026\/04\/Sara-Guzinska-Krysztalowa-precyzja-2-1004x1536.jpg 1004w, https:\/\/lukasinski.dg.pl\/wp-content\/uploads\/2026\/04\/Sara-Guzinska-Krysztalowa-precyzja-2.jpg 1338w\" sizes=\"auto, (max-width: 669px) 100vw, 669px\" \/><\/figure>\n\n\n\n<figure class=\"wp-block-image size-large\"><img loading=\"lazy\" decoding=\"async\" width=\"1024\" height=\"1024\" data-id=\"2767\" src=\"https:\/\/lukasinski.dg.pl\/wp-content\/uploads\/2026\/04\/Natasza-Stachurska-Talerz-z-orzechami-z-Huty-Szkla-Zabkowice-2-1024x1024.jpg\" alt=\"\" class=\"wp-image-2767\" srcset=\"https:\/\/lukasinski.dg.pl\/wp-content\/uploads\/2026\/04\/Natasza-Stachurska-Talerz-z-orzechami-z-Huty-Szkla-Zabkowice-2-1024x1024.jpg 1024w, https:\/\/lukasinski.dg.pl\/wp-content\/uploads\/2026\/04\/Natasza-Stachurska-Talerz-z-orzechami-z-Huty-Szkla-Zabkowice-2-300x300.jpg 300w, https:\/\/lukasinski.dg.pl\/wp-content\/uploads\/2026\/04\/Natasza-Stachurska-Talerz-z-orzechami-z-Huty-Szkla-Zabkowice-2-150x150.jpg 150w, https:\/\/lukasinski.dg.pl\/wp-content\/uploads\/2026\/04\/Natasza-Stachurska-Talerz-z-orzechami-z-Huty-Szkla-Zabkowice-2-768x768.jpg 768w, https:\/\/lukasinski.dg.pl\/wp-content\/uploads\/2026\/04\/Natasza-Stachurska-Talerz-z-orzechami-z-Huty-Szkla-Zabkowice-2.jpg 1060w\" sizes=\"auto, (max-width: 1024px) 100vw, 1024px\" \/><\/figure>\n\n\n\n<figure class=\"wp-block-image size-large\"><img loading=\"lazy\" decoding=\"async\" width=\"768\" height=\"1024\" data-id=\"2769\" src=\"https:\/\/lukasinski.dg.pl\/wp-content\/uploads\/2026\/04\/Natasza-Cholewa-SP-13-Druga-tafla-2-768x1024.jpeg\" alt=\"\" class=\"wp-image-2769\" srcset=\"https:\/\/lukasinski.dg.pl\/wp-content\/uploads\/2026\/04\/Natasza-Cholewa-SP-13-Druga-tafla-2-768x1024.jpeg 768w, https:\/\/lukasinski.dg.pl\/wp-content\/uploads\/2026\/04\/Natasza-Cholewa-SP-13-Druga-tafla-2-225x300.jpeg 225w, https:\/\/lukasinski.dg.pl\/wp-content\/uploads\/2026\/04\/Natasza-Cholewa-SP-13-Druga-tafla-2-1152x1536.jpeg 1152w, https:\/\/lukasinski.dg.pl\/wp-content\/uploads\/2026\/04\/Natasza-Cholewa-SP-13-Druga-tafla-2.jpeg 1536w\" sizes=\"auto, (max-width: 768px) 100vw, 768px\" \/><\/figure>\n\n\n\n<figure class=\"wp-block-image size-large\"><img loading=\"lazy\" decoding=\"async\" width=\"800\" height=\"650\" data-id=\"2766\" src=\"https:\/\/lukasinski.dg.pl\/wp-content\/uploads\/2026\/04\/MichalGolda.kura-2.jpg\" alt=\"\" class=\"wp-image-2766\" srcset=\"https:\/\/lukasinski.dg.pl\/wp-content\/uploads\/2026\/04\/MichalGolda.kura-2.jpg 800w, https:\/\/lukasinski.dg.pl\/wp-content\/uploads\/2026\/04\/MichalGolda.kura-2-300x244.jpg 300w, https:\/\/lukasinski.dg.pl\/wp-content\/uploads\/2026\/04\/MichalGolda.kura-2-768x624.jpg 768w\" sizes=\"auto, (max-width: 800px) 100vw, 800px\" \/><\/figure>\n\n\n\n<figure class=\"wp-block-image size-large\"><img loading=\"lazy\" decoding=\"async\" width=\"655\" height=\"800\" data-id=\"2768\" src=\"https:\/\/lukasinski.dg.pl\/wp-content\/uploads\/2026\/04\/Mateusz-Koziel-SP-Dabie-Bekitny-migdalek-Huta-Zabkowice-2.jpg\" alt=\"\" class=\"wp-image-2768\" srcset=\"https:\/\/lukasinski.dg.pl\/wp-content\/uploads\/2026\/04\/Mateusz-Koziel-SP-Dabie-Bekitny-migdalek-Huta-Zabkowice-2.jpg 655w, https:\/\/lukasinski.dg.pl\/wp-content\/uploads\/2026\/04\/Mateusz-Koziel-SP-Dabie-Bekitny-migdalek-Huta-Zabkowice-2-246x300.jpg 246w\" sizes=\"auto, (max-width: 655px) 100vw, 655px\" \/><\/figure>\n\n\n\n<figure class=\"wp-block-image size-large\"><img loading=\"lazy\" decoding=\"async\" width=\"768\" height=\"1024\" data-id=\"2776\" src=\"https:\/\/lukasinski.dg.pl\/wp-content\/uploads\/2026\/04\/IMG_4003-1-768x1024.jpeg\" alt=\"\" class=\"wp-image-2776\" srcset=\"https:\/\/lukasinski.dg.pl\/wp-content\/uploads\/2026\/04\/IMG_4003-1-768x1024.jpeg 768w, https:\/\/lukasinski.dg.pl\/wp-content\/uploads\/2026\/04\/IMG_4003-1-225x300.jpeg 225w, https:\/\/lukasinski.dg.pl\/wp-content\/uploads\/2026\/04\/IMG_4003-1-1152x1536.jpeg 1152w, https:\/\/lukasinski.dg.pl\/wp-content\/uploads\/2026\/04\/IMG_4003-1-1536x2048.jpeg 1536w, https:\/\/lukasinski.dg.pl\/wp-content\/uploads\/2026\/04\/IMG_4003-1-scaled.jpeg 1920w\" sizes=\"auto, (max-width: 768px) 100vw, 768px\" \/><\/figure>\n\n\n\n<figure class=\"wp-block-image size-large\"><img loading=\"lazy\" decoding=\"async\" width=\"1024\" height=\"768\" data-id=\"2781\" src=\"https:\/\/lukasinski.dg.pl\/wp-content\/uploads\/2026\/04\/IMG_3994-1-1024x768.jpeg\" alt=\"\" class=\"wp-image-2781\" srcset=\"https:\/\/lukasinski.dg.pl\/wp-content\/uploads\/2026\/04\/IMG_3994-1-1024x768.jpeg 1024w, https:\/\/lukasinski.dg.pl\/wp-content\/uploads\/2026\/04\/IMG_3994-1-300x225.jpeg 300w, https:\/\/lukasinski.dg.pl\/wp-content\/uploads\/2026\/04\/IMG_3994-1-768x576.jpeg 768w, https:\/\/lukasinski.dg.pl\/wp-content\/uploads\/2026\/04\/IMG_3994-1-1536x1152.jpeg 1536w, https:\/\/lukasinski.dg.pl\/wp-content\/uploads\/2026\/04\/IMG_3994-1-2048x1536.jpeg 2048w\" sizes=\"auto, (max-width: 1024px) 100vw, 1024px\" \/><\/figure>\n\n\n\n<figure class=\"wp-block-image size-large\"><img loading=\"lazy\" decoding=\"async\" width=\"563\" height=\"318\" data-id=\"2772\" src=\"https:\/\/lukasinski.dg.pl\/wp-content\/uploads\/2026\/04\/IMG_2083-1.jpg\" alt=\"\" class=\"wp-image-2772\" srcset=\"https:\/\/lukasinski.dg.pl\/wp-content\/uploads\/2026\/04\/IMG_2083-1.jpg 563w, https:\/\/lukasinski.dg.pl\/wp-content\/uploads\/2026\/04\/IMG_2083-1-300x169.jpg 300w\" sizes=\"auto, (max-width: 563px) 100vw, 563px\" \/><\/figure>\n\n\n\n<figure class=\"wp-block-image size-large\"><img loading=\"lazy\" decoding=\"async\" width=\"566\" height=\"430\" data-id=\"2773\" src=\"https:\/\/lukasinski.dg.pl\/wp-content\/uploads\/2026\/04\/IMG_2066-1.jpg\" alt=\"\" class=\"wp-image-2773\" srcset=\"https:\/\/lukasinski.dg.pl\/wp-content\/uploads\/2026\/04\/IMG_2066-1.jpg 566w, https:\/\/lukasinski.dg.pl\/wp-content\/uploads\/2026\/04\/IMG_2066-1-300x228.jpg 300w\" sizes=\"auto, (max-width: 566px) 100vw, 566px\" \/><\/figure>\n\n\n\n<figure class=\"wp-block-image size-large\"><img loading=\"lazy\" decoding=\"async\" width=\"683\" height=\"1024\" data-id=\"2777\" src=\"https:\/\/lukasinski.dg.pl\/wp-content\/uploads\/2026\/04\/Iga-Zimoch-Blask-zamkniety-w-szkle-2-683x1024.jpg\" alt=\"\" class=\"wp-image-2777\" srcset=\"https:\/\/lukasinski.dg.pl\/wp-content\/uploads\/2026\/04\/Iga-Zimoch-Blask-zamkniety-w-szkle-2-683x1024.jpg 683w, https:\/\/lukasinski.dg.pl\/wp-content\/uploads\/2026\/04\/Iga-Zimoch-Blask-zamkniety-w-szkle-2-200x300.jpg 200w, https:\/\/lukasinski.dg.pl\/wp-content\/uploads\/2026\/04\/Iga-Zimoch-Blask-zamkniety-w-szkle-2-768x1152.jpg 768w, https:\/\/lukasinski.dg.pl\/wp-content\/uploads\/2026\/04\/Iga-Zimoch-Blask-zamkniety-w-szkle-2-1024x1536.jpg 1024w, https:\/\/lukasinski.dg.pl\/wp-content\/uploads\/2026\/04\/Iga-Zimoch-Blask-zamkniety-w-szkle-2-1365x2048.jpg 1365w, https:\/\/lukasinski.dg.pl\/wp-content\/uploads\/2026\/04\/Iga-Zimoch-Blask-zamkniety-w-szkle-2-scaled.jpg 1707w\" sizes=\"auto, (max-width: 683px) 100vw, 683px\" \/><figcaption class=\"wp-element-caption\">SONY DSC<\/figcaption><\/figure>\n\n\n\n<figure class=\"wp-block-image size-large\"><img loading=\"lazy\" decoding=\"async\" width=\"800\" height=\"655\" data-id=\"2774\" src=\"https:\/\/lukasinski.dg.pl\/wp-content\/uploads\/2026\/04\/20260423_1136020-1.jpg\" alt=\"\" class=\"wp-image-2774\" srcset=\"https:\/\/lukasinski.dg.pl\/wp-content\/uploads\/2026\/04\/20260423_1136020-1.jpg 800w, https:\/\/lukasinski.dg.pl\/wp-content\/uploads\/2026\/04\/20260423_1136020-1-300x246.jpg 300w, https:\/\/lukasinski.dg.pl\/wp-content\/uploads\/2026\/04\/20260423_1136020-1-768x629.jpg 768w\" sizes=\"auto, (max-width: 800px) 100vw, 800px\" \/><\/figure>\n\n\n\n<figure class=\"wp-block-image size-large\"><img loading=\"lazy\" decoding=\"async\" width=\"800\" height=\"419\" data-id=\"2775\" src=\"https:\/\/lukasinski.dg.pl\/wp-content\/uploads\/2026\/04\/20260423_113312-1.jpg\" alt=\"\" class=\"wp-image-2775\" srcset=\"https:\/\/lukasinski.dg.pl\/wp-content\/uploads\/2026\/04\/20260423_113312-1.jpg 800w, https:\/\/lukasinski.dg.pl\/wp-content\/uploads\/2026\/04\/20260423_113312-1-300x157.jpg 300w, https:\/\/lukasinski.dg.pl\/wp-content\/uploads\/2026\/04\/20260423_113312-1-768x402.jpg 768w\" sizes=\"auto, (max-width: 800px) 100vw, 800px\" \/><\/figure>\n\n\n\n<figure class=\"wp-block-image size-large\"><img loading=\"lazy\" decoding=\"async\" width=\"800\" height=\"484\" data-id=\"2778\" src=\"https:\/\/lukasinski.dg.pl\/wp-content\/uploads\/2026\/04\/20260423_112858-1.jpg\" alt=\"\" class=\"wp-image-2778\" srcset=\"https:\/\/lukasinski.dg.pl\/wp-content\/uploads\/2026\/04\/20260423_112858-1.jpg 800w, https:\/\/lukasinski.dg.pl\/wp-content\/uploads\/2026\/04\/20260423_112858-1-300x182.jpg 300w, https:\/\/lukasinski.dg.pl\/wp-content\/uploads\/2026\/04\/20260423_112858-1-768x465.jpg 768w\" sizes=\"auto, (max-width: 800px) 100vw, 800px\" \/><\/figure>\n\n\n\n<figure class=\"wp-block-image size-large\"><img loading=\"lazy\" decoding=\"async\" width=\"800\" height=\"499\" data-id=\"2779\" src=\"https:\/\/lukasinski.dg.pl\/wp-content\/uploads\/2026\/04\/20260423_105151-1.jpg\" alt=\"\" class=\"wp-image-2779\" srcset=\"https:\/\/lukasinski.dg.pl\/wp-content\/uploads\/2026\/04\/20260423_105151-1.jpg 800w, https:\/\/lukasinski.dg.pl\/wp-content\/uploads\/2026\/04\/20260423_105151-1-300x187.jpg 300w, https:\/\/lukasinski.dg.pl\/wp-content\/uploads\/2026\/04\/20260423_105151-1-768x479.jpg 768w\" sizes=\"auto, (max-width: 800px) 100vw, 800px\" \/><\/figure>\n\n\n\n<figure class=\"wp-block-image size-large\"><img loading=\"lazy\" decoding=\"async\" width=\"533\" height=\"800\" data-id=\"2780\" src=\"https:\/\/lukasinski.dg.pl\/wp-content\/uploads\/2026\/04\/Jagoda-Ostaszewska-seria-zdjecie-nr-1-Nawiedzona-huta-2.jpg\" alt=\"\" class=\"wp-image-2780\" srcset=\"https:\/\/lukasinski.dg.pl\/wp-content\/uploads\/2026\/04\/Jagoda-Ostaszewska-seria-zdjecie-nr-1-Nawiedzona-huta-2.jpg 533w, https:\/\/lukasinski.dg.pl\/wp-content\/uploads\/2026\/04\/Jagoda-Ostaszewska-seria-zdjecie-nr-1-Nawiedzona-huta-2-200x300.jpg 200w\" sizes=\"auto, (max-width: 533px) 100vw, 533px\" \/><\/figure>\n<\/figure>\n","protected":false},"excerpt":{"rendered":"<p>\u201eSZKLANE OPOWIE\u015aCI\u201d POD HONOROWYM PATRONATEM PREZYDENTA MIASTA D\u0104BROWA G\u00d3RNICZA ROZSTRZYGNI\u0118TY W dniu 23 kwietnia 2026 roku w naszym liceum zosta\u0142y wr\u0119czone nagrody dla uczni\u00f3w szk\u00f3\u0142&hellip;<\/p>\n","protected":false},"author":1,"featured_media":2774,"comment_status":"closed","ping_status":"open","sticky":false,"template":"","format":"standard","meta":{"footnotes":""},"categories":[1],"tags":[],"class_list":["post-2765","post","type-post","status-publish","format-standard","has-post-thumbnail","hentry","category-bez-kategorii"],"_links":{"self":[{"href":"https:\/\/lukasinski.dg.pl\/index.php?rest_route=\/wp\/v2\/posts\/2765","targetHints":{"allow":["GET"]}}],"collection":[{"href":"https:\/\/lukasinski.dg.pl\/index.php?rest_route=\/wp\/v2\/posts"}],"about":[{"href":"https:\/\/lukasinski.dg.pl\/index.php?rest_route=\/wp\/v2\/types\/post"}],"author":[{"embeddable":true,"href":"https:\/\/lukasinski.dg.pl\/index.php?rest_route=\/wp\/v2\/users\/1"}],"replies":[{"embeddable":true,"href":"https:\/\/lukasinski.dg.pl\/index.php?rest_route=%2Fwp%2Fv2%2Fcomments&post=2765"}],"version-history":[{"count":1,"href":"https:\/\/lukasinski.dg.pl\/index.php?rest_route=\/wp\/v2\/posts\/2765\/revisions"}],"predecessor-version":[{"id":2782,"href":"https:\/\/lukasinski.dg.pl\/index.php?rest_route=\/wp\/v2\/posts\/2765\/revisions\/2782"}],"wp:featuredmedia":[{"embeddable":true,"href":"https:\/\/lukasinski.dg.pl\/index.php?rest_route=\/wp\/v2\/media\/2774"}],"wp:attachment":[{"href":"https:\/\/lukasinski.dg.pl\/index.php?rest_route=%2Fwp%2Fv2%2Fmedia&parent=2765"}],"wp:term":[{"taxonomy":"category","embeddable":true,"href":"https:\/\/lukasinski.dg.pl\/index.php?rest_route=%2Fwp%2Fv2%2Fcategories&post=2765"},{"taxonomy":"post_tag","embeddable":true,"href":"https:\/\/lukasinski.dg.pl\/index.php?rest_route=%2Fwp%2Fv2%2Ftags&post=2765"}],"curies":[{"name":"wp","href":"https:\/\/api.w.org\/{rel}","templated":true}]}}