{"id":346,"date":"2023-09-29T08:00:09","date_gmt":"2023-09-29T06:00:09","guid":{"rendered":"https:\/\/lukasinski.dg.pl\/?p=346"},"modified":"2023-09-29T08:00:09","modified_gmt":"2023-09-29T06:00:09","slug":"spotkanie-z-pania-profesor-bozena-czwojdrak","status":"publish","type":"post","link":"https:\/\/lukasinski.dg.pl\/?p=346","title":{"rendered":"Spotkanie z pani\u0105 Profesor Bo\u017cen\u0105 Czwojdrak"},"content":{"rendered":"\n<p>28 wrze\u015bnia odby\u0142o si\u0119 w I LO spotkanie z pani\u0105 Profesor Bo\u017cen\u0105 Czwojdrak pracownikiem naukowym Uniwersytetu \u015al\u0105skiego, kt\u00f3ra przedstawi\u0142a uczniom temat dotycz\u0105cy poch\u00f3wku polskich kr\u00f3lowych w \u015bredniowieczu. M\u0142odzie\u017c wzbogaci\u0142a swoj\u0105 wiedz\u0119 o nowe i ciekawe informacje.<\/p>\n\n\n\n<figure class=\"wp-block-image size-large\"><img loading=\"lazy\" decoding=\"async\" width=\"768\" height=\"1024\" src=\"https:\/\/lukasinski.dg.pl\/wp-content\/uploads\/2023\/09\/384448160_1092224941768812_1891902648846735465_n-768x1024.jpg\" alt=\"\" class=\"wp-image-347\" srcset=\"https:\/\/lukasinski.dg.pl\/wp-content\/uploads\/2023\/09\/384448160_1092224941768812_1891902648846735465_n-768x1024.jpg 768w, https:\/\/lukasinski.dg.pl\/wp-content\/uploads\/2023\/09\/384448160_1092224941768812_1891902648846735465_n-225x300.jpg 225w, https:\/\/lukasinski.dg.pl\/wp-content\/uploads\/2023\/09\/384448160_1092224941768812_1891902648846735465_n-1152x1536.jpg 1152w, https:\/\/lukasinski.dg.pl\/wp-content\/uploads\/2023\/09\/384448160_1092224941768812_1891902648846735465_n.jpg 1500w\" sizes=\"auto, (max-width: 768px) 100vw, 768px\" \/><\/figure>\n\n\n\n<figure class=\"wp-block-image size-large\"><img loading=\"lazy\" decoding=\"async\" width=\"768\" height=\"1024\" src=\"https:\/\/lukasinski.dg.pl\/wp-content\/uploads\/2023\/09\/382114002_1696269057529421_4011130621109000661_n-768x1024.jpg\" alt=\"\" class=\"wp-image-348\" srcset=\"https:\/\/lukasinski.dg.pl\/wp-content\/uploads\/2023\/09\/382114002_1696269057529421_4011130621109000661_n-768x1024.jpg 768w, https:\/\/lukasinski.dg.pl\/wp-content\/uploads\/2023\/09\/382114002_1696269057529421_4011130621109000661_n-225x300.jpg 225w, https:\/\/lukasinski.dg.pl\/wp-content\/uploads\/2023\/09\/382114002_1696269057529421_4011130621109000661_n-1152x1536.jpg 1152w, https:\/\/lukasinski.dg.pl\/wp-content\/uploads\/2023\/09\/382114002_1696269057529421_4011130621109000661_n.jpg 1500w\" sizes=\"auto, (max-width: 768px) 100vw, 768px\" \/><\/figure>\n","protected":false},"excerpt":{"rendered":"<p>28 wrze\u015bnia odby\u0142o si\u0119 w I LO spotkanie z pani\u0105 Profesor Bo\u017cen\u0105 Czwojdrak pracownikiem naukowym Uniwersytetu \u015al\u0105skiego, kt\u00f3ra przedstawi\u0142a uczniom temat dotycz\u0105cy poch\u00f3wku polskich kr\u00f3lowych&hellip;<\/p>\n","protected":false},"author":1,"featured_media":348,"comment_status":"closed","ping_status":"closed","sticky":false,"template":"","format":"standard","meta":{"footnotes":""},"categories":[1],"tags":[],"class_list":["post-346","post","type-post","status-publish","format-standard","has-post-thumbnail","hentry","category-bez-kategorii"],"_links":{"self":[{"href":"https:\/\/lukasinski.dg.pl\/index.php?rest_route=\/wp\/v2\/posts\/346","targetHints":{"allow":["GET"]}}],"collection":[{"href":"https:\/\/lukasinski.dg.pl\/index.php?rest_route=\/wp\/v2\/posts"}],"about":[{"href":"https:\/\/lukasinski.dg.pl\/index.php?rest_route=\/wp\/v2\/types\/post"}],"author":[{"embeddable":true,"href":"https:\/\/lukasinski.dg.pl\/index.php?rest_route=\/wp\/v2\/users\/1"}],"replies":[{"embeddable":true,"href":"https:\/\/lukasinski.dg.pl\/index.php?rest_route=%2Fwp%2Fv2%2Fcomments&post=346"}],"version-history":[{"count":1,"href":"https:\/\/lukasinski.dg.pl\/index.php?rest_route=\/wp\/v2\/posts\/346\/revisions"}],"predecessor-version":[{"id":349,"href":"https:\/\/lukasinski.dg.pl\/index.php?rest_route=\/wp\/v2\/posts\/346\/revisions\/349"}],"wp:featuredmedia":[{"embeddable":true,"href":"https:\/\/lukasinski.dg.pl\/index.php?rest_route=\/wp\/v2\/media\/348"}],"wp:attachment":[{"href":"https:\/\/lukasinski.dg.pl\/index.php?rest_route=%2Fwp%2Fv2%2Fmedia&parent=346"}],"wp:term":[{"taxonomy":"category","embeddable":true,"href":"https:\/\/lukasinski.dg.pl\/index.php?rest_route=%2Fwp%2Fv2%2Fcategories&post=346"},{"taxonomy":"post_tag","embeddable":true,"href":"https:\/\/lukasinski.dg.pl\/index.php?rest_route=%2Fwp%2Fv2%2Ftags&post=346"}],"curies":[{"name":"wp","href":"https:\/\/api.w.org\/{rel}","templated":true}]}}