{"id":419,"date":"2023-10-11T11:02:11","date_gmt":"2023-10-11T09:02:11","guid":{"rendered":"https:\/\/lukasinski.dg.pl\/?p=419"},"modified":"2023-10-11T11:02:11","modified_gmt":"2023-10-11T09:02:11","slug":"11-pazdziernika-pracownicy-muzeum-miejskiego-sztygarka","status":"publish","type":"post","link":"https:\/\/lukasinski.dg.pl\/?p=419","title":{"rendered":"11 pa\u017adziernika pracownicy muzeum miejskiego ,, Sztygarka &#8222;"},"content":{"rendered":"\n<p>11 pa\u017adziernika pracownicy muzeum miejskiego ,, Sztygarka &#8221; przeprowadzili w Naszej szkole wyk\u0142ad z zakresu historii regionalnej na temat ,, Polskie tradycje niepodleg\u0142o\u015bciowe w Zag\u0142\u0119biu D\u0105browskim&#8221;. Uczestnikami wyk\u0142adu by\u0142y klasy 4a,3d,1f.<\/p>\n\n\n\n<figure class=\"wp-block-gallery has-nested-images columns-default is-cropped wp-block-gallery-1 is-layout-flex wp-block-gallery-is-layout-flex\">\n<figure class=\"wp-block-image size-large\"><img loading=\"lazy\" decoding=\"async\" width=\"461\" height=\"1024\" data-id=\"421\" src=\"https:\/\/lukasinski.dg.pl\/wp-content\/uploads\/2023\/10\/370254925_733204498620645_2329588277431887152_n-461x1024.jpg\" alt=\"\" class=\"wp-image-421\" srcset=\"https:\/\/lukasinski.dg.pl\/wp-content\/uploads\/2023\/10\/370254925_733204498620645_2329588277431887152_n-461x1024.jpg 461w, https:\/\/lukasinski.dg.pl\/wp-content\/uploads\/2023\/10\/370254925_733204498620645_2329588277431887152_n-135x300.jpg 135w, https:\/\/lukasinski.dg.pl\/wp-content\/uploads\/2023\/10\/370254925_733204498620645_2329588277431887152_n-768x1707.jpg 768w, https:\/\/lukasinski.dg.pl\/wp-content\/uploads\/2023\/10\/370254925_733204498620645_2329588277431887152_n-691x1536.jpg 691w, https:\/\/lukasinski.dg.pl\/wp-content\/uploads\/2023\/10\/370254925_733204498620645_2329588277431887152_n.jpg 900w\" sizes=\"auto, (max-width: 461px) 100vw, 461px\" \/><\/figure>\n\n\n\n<figure class=\"wp-block-image size-large\"><img loading=\"lazy\" decoding=\"async\" width=\"461\" height=\"1024\" data-id=\"420\" src=\"https:\/\/lukasinski.dg.pl\/wp-content\/uploads\/2023\/10\/387536696_132922289910389_192390660506903628_n-461x1024.jpg\" alt=\"\" class=\"wp-image-420\" srcset=\"https:\/\/lukasinski.dg.pl\/wp-content\/uploads\/2023\/10\/387536696_132922289910389_192390660506903628_n-461x1024.jpg 461w, https:\/\/lukasinski.dg.pl\/wp-content\/uploads\/2023\/10\/387536696_132922289910389_192390660506903628_n-135x300.jpg 135w, https:\/\/lukasinski.dg.pl\/wp-content\/uploads\/2023\/10\/387536696_132922289910389_192390660506903628_n-768x1707.jpg 768w, https:\/\/lukasinski.dg.pl\/wp-content\/uploads\/2023\/10\/387536696_132922289910389_192390660506903628_n-691x1536.jpg 691w, https:\/\/lukasinski.dg.pl\/wp-content\/uploads\/2023\/10\/387536696_132922289910389_192390660506903628_n.jpg 900w\" sizes=\"auto, (max-width: 461px) 100vw, 461px\" \/><\/figure>\n\n\n\n<figure class=\"wp-block-image size-large\"><img loading=\"lazy\" decoding=\"async\" width=\"461\" height=\"1024\" data-id=\"422\" src=\"https:\/\/lukasinski.dg.pl\/wp-content\/uploads\/2023\/10\/370336299_349813547501272_2761705023585660984_n-461x1024.jpg\" alt=\"\" class=\"wp-image-422\" srcset=\"https:\/\/lukasinski.dg.pl\/wp-content\/uploads\/2023\/10\/370336299_349813547501272_2761705023585660984_n-461x1024.jpg 461w, https:\/\/lukasinski.dg.pl\/wp-content\/uploads\/2023\/10\/370336299_349813547501272_2761705023585660984_n-135x300.jpg 135w, https:\/\/lukasinski.dg.pl\/wp-content\/uploads\/2023\/10\/370336299_349813547501272_2761705023585660984_n-768x1707.jpg 768w, https:\/\/lukasinski.dg.pl\/wp-content\/uploads\/2023\/10\/370336299_349813547501272_2761705023585660984_n-691x1536.jpg 691w, https:\/\/lukasinski.dg.pl\/wp-content\/uploads\/2023\/10\/370336299_349813547501272_2761705023585660984_n.jpg 900w\" sizes=\"auto, (max-width: 461px) 100vw, 461px\" \/><\/figure>\n<\/figure>\n","protected":false},"excerpt":{"rendered":"<p>11 pa\u017adziernika pracownicy muzeum miejskiego ,, Sztygarka &#8221; przeprowadzili w Naszej szkole wyk\u0142ad z zakresu historii regionalnej na temat ,, Polskie tradycje niepodleg\u0142o\u015bciowe w Zag\u0142\u0119biu&hellip;<\/p>\n","protected":false},"author":1,"featured_media":420,"comment_status":"closed","ping_status":"closed","sticky":false,"template":"","format":"standard","meta":{"footnotes":""},"categories":[1],"tags":[],"class_list":["post-419","post","type-post","status-publish","format-standard","has-post-thumbnail","hentry","category-bez-kategorii"],"_links":{"self":[{"href":"https:\/\/lukasinski.dg.pl\/index.php?rest_route=\/wp\/v2\/posts\/419","targetHints":{"allow":["GET"]}}],"collection":[{"href":"https:\/\/lukasinski.dg.pl\/index.php?rest_route=\/wp\/v2\/posts"}],"about":[{"href":"https:\/\/lukasinski.dg.pl\/index.php?rest_route=\/wp\/v2\/types\/post"}],"author":[{"embeddable":true,"href":"https:\/\/lukasinski.dg.pl\/index.php?rest_route=\/wp\/v2\/users\/1"}],"replies":[{"embeddable":true,"href":"https:\/\/lukasinski.dg.pl\/index.php?rest_route=%2Fwp%2Fv2%2Fcomments&post=419"}],"version-history":[{"count":1,"href":"https:\/\/lukasinski.dg.pl\/index.php?rest_route=\/wp\/v2\/posts\/419\/revisions"}],"predecessor-version":[{"id":423,"href":"https:\/\/lukasinski.dg.pl\/index.php?rest_route=\/wp\/v2\/posts\/419\/revisions\/423"}],"wp:featuredmedia":[{"embeddable":true,"href":"https:\/\/lukasinski.dg.pl\/index.php?rest_route=\/wp\/v2\/media\/420"}],"wp:attachment":[{"href":"https:\/\/lukasinski.dg.pl\/index.php?rest_route=%2Fwp%2Fv2%2Fmedia&parent=419"}],"wp:term":[{"taxonomy":"category","embeddable":true,"href":"https:\/\/lukasinski.dg.pl\/index.php?rest_route=%2Fwp%2Fv2%2Fcategories&post=419"},{"taxonomy":"post_tag","embeddable":true,"href":"https:\/\/lukasinski.dg.pl\/index.php?rest_route=%2Fwp%2Fv2%2Ftags&post=419"}],"curies":[{"name":"wp","href":"https:\/\/api.w.org\/{rel}","templated":true}]}}