{"id":439,"date":"2023-10-23T09:17:24","date_gmt":"2023-10-23T07:17:24","guid":{"rendered":"https:\/\/lukasinski.dg.pl\/?p=439"},"modified":"2023-10-23T09:17:24","modified_gmt":"2023-10-23T07:17:24","slug":"miedzynarodowy-miesiac-bibliotek-szkolnych","status":"publish","type":"post","link":"https:\/\/lukasinski.dg.pl\/?p=439","title":{"rendered":"Mi\u0119dzynarodowy Miesi\u0105c Bibliotek Szkolnych."},"content":{"rendered":"\n<p>Od wielu lat w pa\u017adzierniku obchodzimy Mi\u0119dzynarodowy Miesi\u0105c Bibliotek Szkolnych. To dobra okazja do pokazania potencja\u0142u biblioteki, jej dorobku, pozycji w oczach uczni\u00f3w&nbsp;<br>i rodzic\u00f3w, a tak\u017ce do zorganizowania r\u00f3\u017cnego rodzaju aktywno\u015bci. W&nbsp;ramach obchod\u00f3w tego \u015bwi\u0119ta na&nbsp;terenie naszej szko\u0142y odbywa si\u0119 szereg dzia\u0142a\u0144, m. in. konkurs na&nbsp;recenzj\u0119 ulubionej ksi\u0105\u017cki, konkurs czytelniczo-literacki dotycz\u0105cy znajomo\u015bci \u201eLalki\u201d Boles\u0142awa Prusa, turniej \u201epojedynek ksi\u0105\u017cek\u201d oraz akcja \u201ePodaruj drugie \u017cycie ksi\u0105\u017cce\u201d.<\/p>\n\n\n\n<p>Dodatkowo, w ramach cyklu zaj\u0119\u0107 organizowanych przez bibliotek\u0119 szkoln\u0105 pod has\u0142em \u201eSpotkania z kultur\u0105\u201d 20 pa\u017adziernika br. go\u015bcili\u015bmy lokaln\u0105 poetk\u0119 pani\u0105 Ma\u0142gorzat\u0119 Gra\u017cyn\u0119 Korpikiewicz.\u00a0M\u0142odzie\u017c pozna\u0142a tw\u00f3rczo\u015b\u0107 artystki: jej wiersze oraz przepi\u0119kne bajki. Dorobek poetki sta\u0142 si\u0119 inspiracj\u0105 do owocnej dyskusji na temat r\u00f3\u017cnorodno\u015bci wyrazu artystycznego.\u00a0<\/p>\n\n\n\n<figure class=\"wp-block-gallery has-nested-images columns-default is-cropped wp-block-gallery-1 is-layout-flex wp-block-gallery-is-layout-flex\">\n<figure class=\"wp-block-image size-large\"><img loading=\"lazy\" decoding=\"async\" width=\"768\" height=\"1024\" data-id=\"441\" src=\"https:\/\/lukasinski.dg.pl\/wp-content\/uploads\/2023\/10\/380377542_1535492203923035_2066293099545331879_n-768x1024.jpg\" alt=\"\" class=\"wp-image-441\" srcset=\"https:\/\/lukasinski.dg.pl\/wp-content\/uploads\/2023\/10\/380377542_1535492203923035_2066293099545331879_n-768x1024.jpg 768w, https:\/\/lukasinski.dg.pl\/wp-content\/uploads\/2023\/10\/380377542_1535492203923035_2066293099545331879_n-225x300.jpg 225w, https:\/\/lukasinski.dg.pl\/wp-content\/uploads\/2023\/10\/380377542_1535492203923035_2066293099545331879_n-1152x1536.jpg 1152w, https:\/\/lukasinski.dg.pl\/wp-content\/uploads\/2023\/10\/380377542_1535492203923035_2066293099545331879_n.jpg 1296w\" sizes=\"auto, (max-width: 768px) 100vw, 768px\" \/><\/figure>\n\n\n\n<figure class=\"wp-block-image size-large\"><img loading=\"lazy\" decoding=\"async\" width=\"768\" height=\"1024\" data-id=\"440\" src=\"https:\/\/lukasinski.dg.pl\/wp-content\/uploads\/2023\/10\/385546218_295201066675563_1477208915185907733_n-768x1024.jpg\" alt=\"\" class=\"wp-image-440\" srcset=\"https:\/\/lukasinski.dg.pl\/wp-content\/uploads\/2023\/10\/385546218_295201066675563_1477208915185907733_n-768x1024.jpg 768w, https:\/\/lukasinski.dg.pl\/wp-content\/uploads\/2023\/10\/385546218_295201066675563_1477208915185907733_n-225x300.jpg 225w, https:\/\/lukasinski.dg.pl\/wp-content\/uploads\/2023\/10\/385546218_295201066675563_1477208915185907733_n-1152x1536.jpg 1152w, https:\/\/lukasinski.dg.pl\/wp-content\/uploads\/2023\/10\/385546218_295201066675563_1477208915185907733_n.jpg 1296w\" sizes=\"auto, (max-width: 768px) 100vw, 768px\" \/><\/figure>\n\n\n\n<figure class=\"wp-block-image size-large\"><img loading=\"lazy\" decoding=\"async\" width=\"768\" height=\"1024\" data-id=\"442\" src=\"https:\/\/lukasinski.dg.pl\/wp-content\/uploads\/2023\/10\/380320487_1335529207074873_6160861711973610097_n-768x1024.jpg\" alt=\"\" class=\"wp-image-442\" srcset=\"https:\/\/lukasinski.dg.pl\/wp-content\/uploads\/2023\/10\/380320487_1335529207074873_6160861711973610097_n-768x1024.jpg 768w, https:\/\/lukasinski.dg.pl\/wp-content\/uploads\/2023\/10\/380320487_1335529207074873_6160861711973610097_n-225x300.jpg 225w, https:\/\/lukasinski.dg.pl\/wp-content\/uploads\/2023\/10\/380320487_1335529207074873_6160861711973610097_n-1152x1536.jpg 1152w, https:\/\/lukasinski.dg.pl\/wp-content\/uploads\/2023\/10\/380320487_1335529207074873_6160861711973610097_n.jpg 1296w\" sizes=\"auto, (max-width: 768px) 100vw, 768px\" \/><\/figure>\n<\/figure>\n","protected":false},"excerpt":{"rendered":"<p>Od wielu lat w pa\u017adzierniku obchodzimy Mi\u0119dzynarodowy Miesi\u0105c Bibliotek Szkolnych. To dobra okazja do pokazania potencja\u0142u biblioteki, jej dorobku, pozycji w oczach uczni\u00f3w&nbsp;i rodzic\u00f3w, a&hellip;<\/p>\n","protected":false},"author":1,"featured_media":442,"comment_status":"closed","ping_status":"closed","sticky":false,"template":"","format":"standard","meta":{"footnotes":""},"categories":[1],"tags":[],"class_list":["post-439","post","type-post","status-publish","format-standard","has-post-thumbnail","hentry","category-bez-kategorii"],"_links":{"self":[{"href":"https:\/\/lukasinski.dg.pl\/index.php?rest_route=\/wp\/v2\/posts\/439","targetHints":{"allow":["GET"]}}],"collection":[{"href":"https:\/\/lukasinski.dg.pl\/index.php?rest_route=\/wp\/v2\/posts"}],"about":[{"href":"https:\/\/lukasinski.dg.pl\/index.php?rest_route=\/wp\/v2\/types\/post"}],"author":[{"embeddable":true,"href":"https:\/\/lukasinski.dg.pl\/index.php?rest_route=\/wp\/v2\/users\/1"}],"replies":[{"embeddable":true,"href":"https:\/\/lukasinski.dg.pl\/index.php?rest_route=%2Fwp%2Fv2%2Fcomments&post=439"}],"version-history":[{"count":1,"href":"https:\/\/lukasinski.dg.pl\/index.php?rest_route=\/wp\/v2\/posts\/439\/revisions"}],"predecessor-version":[{"id":443,"href":"https:\/\/lukasinski.dg.pl\/index.php?rest_route=\/wp\/v2\/posts\/439\/revisions\/443"}],"wp:featuredmedia":[{"embeddable":true,"href":"https:\/\/lukasinski.dg.pl\/index.php?rest_route=\/wp\/v2\/media\/442"}],"wp:attachment":[{"href":"https:\/\/lukasinski.dg.pl\/index.php?rest_route=%2Fwp%2Fv2%2Fmedia&parent=439"}],"wp:term":[{"taxonomy":"category","embeddable":true,"href":"https:\/\/lukasinski.dg.pl\/index.php?rest_route=%2Fwp%2Fv2%2Fcategories&post=439"},{"taxonomy":"post_tag","embeddable":true,"href":"https:\/\/lukasinski.dg.pl\/index.php?rest_route=%2Fwp%2Fv2%2Ftags&post=439"}],"curies":[{"name":"wp","href":"https:\/\/api.w.org\/{rel}","templated":true}]}}