{"id":451,"date":"2023-10-30T12:13:39","date_gmt":"2023-10-30T11:13:39","guid":{"rendered":"https:\/\/lukasinski.dg.pl\/?p=451"},"modified":"2023-10-30T12:13:39","modified_gmt":"2023-10-30T11:13:39","slug":"tradycje-niepodleglosciowe-w-zaglebiu-dabrowskim","status":"publish","type":"post","link":"https:\/\/lukasinski.dg.pl\/?p=451","title":{"rendered":"Tradycje niepodleg\u0142o\u015bciowe w Zag\u0142ebiu D\u0105browskim"},"content":{"rendered":"\n<p>Od 30 pa\u017adziernika do 06 listopada b\u0119dzie go\u015bci\u0107 w Naszej szkole wystaw\u0105 okresowa pt.,, Tradycje niepodleg\u0142o\u015bciowe w Zag\u0142ebiu D\u0105browskim&#8221;, kt\u00f3rej organizatorem jest Muzeum Miejskie ,, Sztygarka&#8221;. Celem wystawy jest zapoznanie m\u0142odzie\u017cy- uczni\u00f3w z tematyk\u0105 historii regionalnej i kszta\u0142towanie postaw patriotycznych.<\/p>\n\n\n\n<figure class=\"wp-block-gallery has-nested-images columns-default is-cropped wp-block-gallery-1 is-layout-flex wp-block-gallery-is-layout-flex\">\n<figure class=\"wp-block-image size-large\"><img loading=\"lazy\" decoding=\"async\" width=\"461\" height=\"1024\" data-id=\"452\" src=\"https:\/\/lukasinski.dg.pl\/wp-content\/uploads\/2023\/10\/396851474_710661873901930_173990907362509600_n-461x1024.jpg\" alt=\"\" class=\"wp-image-452\" srcset=\"https:\/\/lukasinski.dg.pl\/wp-content\/uploads\/2023\/10\/396851474_710661873901930_173990907362509600_n-461x1024.jpg 461w, https:\/\/lukasinski.dg.pl\/wp-content\/uploads\/2023\/10\/396851474_710661873901930_173990907362509600_n-135x300.jpg 135w, https:\/\/lukasinski.dg.pl\/wp-content\/uploads\/2023\/10\/396851474_710661873901930_173990907362509600_n-768x1707.jpg 768w, https:\/\/lukasinski.dg.pl\/wp-content\/uploads\/2023\/10\/396851474_710661873901930_173990907362509600_n-691x1536.jpg 691w, https:\/\/lukasinski.dg.pl\/wp-content\/uploads\/2023\/10\/396851474_710661873901930_173990907362509600_n.jpg 900w\" sizes=\"auto, (max-width: 461px) 100vw, 461px\" \/><\/figure>\n\n\n\n<figure class=\"wp-block-image size-large\"><img loading=\"lazy\" decoding=\"async\" width=\"461\" height=\"1024\" data-id=\"454\" src=\"https:\/\/lukasinski.dg.pl\/wp-content\/uploads\/2023\/10\/370220964_4367589063466452_7071281539179984734_n-461x1024.jpg\" alt=\"\" class=\"wp-image-454\" srcset=\"https:\/\/lukasinski.dg.pl\/wp-content\/uploads\/2023\/10\/370220964_4367589063466452_7071281539179984734_n-461x1024.jpg 461w, https:\/\/lukasinski.dg.pl\/wp-content\/uploads\/2023\/10\/370220964_4367589063466452_7071281539179984734_n-135x300.jpg 135w, https:\/\/lukasinski.dg.pl\/wp-content\/uploads\/2023\/10\/370220964_4367589063466452_7071281539179984734_n-768x1707.jpg 768w, https:\/\/lukasinski.dg.pl\/wp-content\/uploads\/2023\/10\/370220964_4367589063466452_7071281539179984734_n-691x1536.jpg 691w, https:\/\/lukasinski.dg.pl\/wp-content\/uploads\/2023\/10\/370220964_4367589063466452_7071281539179984734_n.jpg 900w\" sizes=\"auto, (max-width: 461px) 100vw, 461px\" \/><\/figure>\n\n\n\n<figure class=\"wp-block-image size-large\"><img loading=\"lazy\" decoding=\"async\" width=\"461\" height=\"1024\" data-id=\"453\" src=\"https:\/\/lukasinski.dg.pl\/wp-content\/uploads\/2023\/10\/396825877_1751375018621613_1639775952229968171_n-461x1024.jpg\" alt=\"\" class=\"wp-image-453\" srcset=\"https:\/\/lukasinski.dg.pl\/wp-content\/uploads\/2023\/10\/396825877_1751375018621613_1639775952229968171_n-461x1024.jpg 461w, https:\/\/lukasinski.dg.pl\/wp-content\/uploads\/2023\/10\/396825877_1751375018621613_1639775952229968171_n-135x300.jpg 135w, https:\/\/lukasinski.dg.pl\/wp-content\/uploads\/2023\/10\/396825877_1751375018621613_1639775952229968171_n-768x1707.jpg 768w, https:\/\/lukasinski.dg.pl\/wp-content\/uploads\/2023\/10\/396825877_1751375018621613_1639775952229968171_n-691x1536.jpg 691w, https:\/\/lukasinski.dg.pl\/wp-content\/uploads\/2023\/10\/396825877_1751375018621613_1639775952229968171_n.jpg 900w\" sizes=\"auto, (max-width: 461px) 100vw, 461px\" \/><\/figure>\n<\/figure>\n","protected":false},"excerpt":{"rendered":"<p>Od 30 pa\u017adziernika do 06 listopada b\u0119dzie go\u015bci\u0107 w Naszej szkole wystaw\u0105 okresowa pt.,, Tradycje niepodleg\u0142o\u015bciowe w Zag\u0142ebiu D\u0105browskim&#8221;, kt\u00f3rej organizatorem jest Muzeum Miejskie ,,&hellip;<\/p>\n","protected":false},"author":1,"featured_media":454,"comment_status":"closed","ping_status":"closed","sticky":false,"template":"","format":"standard","meta":{"footnotes":""},"categories":[1],"tags":[],"class_list":["post-451","post","type-post","status-publish","format-standard","has-post-thumbnail","hentry","category-bez-kategorii"],"_links":{"self":[{"href":"https:\/\/lukasinski.dg.pl\/index.php?rest_route=\/wp\/v2\/posts\/451","targetHints":{"allow":["GET"]}}],"collection":[{"href":"https:\/\/lukasinski.dg.pl\/index.php?rest_route=\/wp\/v2\/posts"}],"about":[{"href":"https:\/\/lukasinski.dg.pl\/index.php?rest_route=\/wp\/v2\/types\/post"}],"author":[{"embeddable":true,"href":"https:\/\/lukasinski.dg.pl\/index.php?rest_route=\/wp\/v2\/users\/1"}],"replies":[{"embeddable":true,"href":"https:\/\/lukasinski.dg.pl\/index.php?rest_route=%2Fwp%2Fv2%2Fcomments&post=451"}],"version-history":[{"count":1,"href":"https:\/\/lukasinski.dg.pl\/index.php?rest_route=\/wp\/v2\/posts\/451\/revisions"}],"predecessor-version":[{"id":455,"href":"https:\/\/lukasinski.dg.pl\/index.php?rest_route=\/wp\/v2\/posts\/451\/revisions\/455"}],"wp:featuredmedia":[{"embeddable":true,"href":"https:\/\/lukasinski.dg.pl\/index.php?rest_route=\/wp\/v2\/media\/454"}],"wp:attachment":[{"href":"https:\/\/lukasinski.dg.pl\/index.php?rest_route=%2Fwp%2Fv2%2Fmedia&parent=451"}],"wp:term":[{"taxonomy":"category","embeddable":true,"href":"https:\/\/lukasinski.dg.pl\/index.php?rest_route=%2Fwp%2Fv2%2Fcategories&post=451"},{"taxonomy":"post_tag","embeddable":true,"href":"https:\/\/lukasinski.dg.pl\/index.php?rest_route=%2Fwp%2Fv2%2Ftags&post=451"}],"curies":[{"name":"wp","href":"https:\/\/api.w.org\/{rel}","templated":true}]}}