{"id":462,"date":"2023-11-06T08:18:01","date_gmt":"2023-11-06T07:18:01","guid":{"rendered":"https:\/\/lukasinski.dg.pl\/?p=462"},"modified":"2023-11-06T08:18:01","modified_gmt":"2023-11-06T07:18:01","slug":"team-lukasiaka-czyli-filmowe-spotkania-z-wybitnymi-absolwentami-i-lo","status":"publish","type":"post","link":"https:\/\/lukasinski.dg.pl\/?p=462","title":{"rendered":"Team \u0141ukasiaka, czyli filmowe spotkania z Wybitnymi Absolwentami I LO"},"content":{"rendered":"\n<p><br><br>W ramach tegorocznego Festiwalu Nauki m\u0142odzie\u017c obejrza\u0142a cykl wywiad\u00f3w z Wybitnymi Absolwentami I LO. Naszymi go\u015b\u0107mi do tej pory byli: Prezydent Miasta D\u0105browa G\u00f3rnicza\u202f\u2013 Pan Marcin Bazylak, Dyrektor Centrum Sportu i Rekreacji w D\u0105browie G\u00f3rniczej \u2013 Pan Wojciech Juroff i\u00a0Prezes Zarz\u0105du Stowarzyszenia Civitas w D\u0105browie G\u00f3rniczej\u2013 Pani Alicja Kowalska.\u00a0<br>Tematyka wywiad\u00f3w oscylowa\u0142a wok\u00f3\u0142 wspomnie\u0144 ze szkolnej \u0142awy, dzieci\u0119cych pasji, m\u0142odzie\u0144czych przyja\u017ani, \u00f3wczesnej mody, zanikaj\u0105cych obyczaj\u00f3w, plan\u00f3w zawodowych (nie tylko tych zrealizowanych) oraz por\u00f3wnania warunk\u00f3w edukacji kiedy\u015b i dzi\u015b. Pani Alicja Kowalska opowiada\u0142a m.in. o swoim synu Tomku \u2013 tak\u017ce absolwencie I LO,alpini\u015bcie, himalai\u015bcie, uczestniku pierwszego zimowego wej\u015bcia na Broad Peak (12 pod wzgl\u0119dem wysoko\u015bci szczyt na \u015bwiecie), zdobywcy najwy\u017cszych szczyt\u00f3w Ameryki Po\u0142udniowej.<br>I LO od ponad 120 lat kszta\u0142ci m\u0142odzie\u017c naszego regionu. Cieszymy si\u0119, \u017ce Absolwenci naszego liceum s\u0105 bardzo cenieni w r\u00f3\u017cnych dziedzinach, m.in. w \u015bwiecie kultury, sztuki, medi\u00f3w, polityki i administracji, edukacji, sportu. Wspania\u0142e kariery zawodowe naszych wychowank\u00f3w \u015bwiadcz\u0105 o wysokiej jako\u015bci kszta\u0142cenia w plac\u00f3wce.\u00a0<br>Program filmowych wywiad\u00f3w z Wybitnymi Absolwentami realizowali nast\u0119puj\u0105cy uczniowie: Nicole Pieczyrak, Zuzanna Wilczek, Nikola Lema\u0144ska, Jakub Cieplak, Kamil Drzewiecki, Szymon Szkoda, Maciek Ba\u0142a.\u00a0<\/p>\n\n\n\n<figure class=\"wp-block-gallery has-nested-images columns-default is-cropped wp-block-gallery-1 is-layout-flex wp-block-gallery-is-layout-flex\">\n<figure class=\"wp-block-image size-large\"><img loading=\"lazy\" decoding=\"async\" width=\"896\" height=\"653\" data-id=\"465\" src=\"https:\/\/lukasinski.dg.pl\/wp-content\/uploads\/2023\/11\/MicrosoftTeams-image-379.jpg\" alt=\"\" class=\"wp-image-465\" srcset=\"https:\/\/lukasinski.dg.pl\/wp-content\/uploads\/2023\/11\/MicrosoftTeams-image-379.jpg 896w, https:\/\/lukasinski.dg.pl\/wp-content\/uploads\/2023\/11\/MicrosoftTeams-image-379-300x219.jpg 300w, https:\/\/lukasinski.dg.pl\/wp-content\/uploads\/2023\/11\/MicrosoftTeams-image-379-768x560.jpg 768w\" sizes=\"auto, (max-width: 896px) 100vw, 896px\" \/><\/figure>\n\n\n\n<figure class=\"wp-block-image size-large\"><img loading=\"lazy\" decoding=\"async\" width=\"886\" height=\"656\" data-id=\"464\" src=\"https:\/\/lukasinski.dg.pl\/wp-content\/uploads\/2023\/11\/MicrosoftTeams-image-378.jpg\" alt=\"\" class=\"wp-image-464\" srcset=\"https:\/\/lukasinski.dg.pl\/wp-content\/uploads\/2023\/11\/MicrosoftTeams-image-378.jpg 886w, https:\/\/lukasinski.dg.pl\/wp-content\/uploads\/2023\/11\/MicrosoftTeams-image-378-300x222.jpg 300w, https:\/\/lukasinski.dg.pl\/wp-content\/uploads\/2023\/11\/MicrosoftTeams-image-378-768x569.jpg 768w\" sizes=\"auto, (max-width: 886px) 100vw, 886px\" \/><\/figure>\n\n\n\n<figure class=\"wp-block-image size-large\"><img loading=\"lazy\" decoding=\"async\" width=\"803\" height=\"616\" data-id=\"463\" src=\"https:\/\/lukasinski.dg.pl\/wp-content\/uploads\/2023\/11\/MicrosoftTeams-image-377.jpg\" alt=\"\" class=\"wp-image-463\" srcset=\"https:\/\/lukasinski.dg.pl\/wp-content\/uploads\/2023\/11\/MicrosoftTeams-image-377.jpg 803w, https:\/\/lukasinski.dg.pl\/wp-content\/uploads\/2023\/11\/MicrosoftTeams-image-377-300x230.jpg 300w, https:\/\/lukasinski.dg.pl\/wp-content\/uploads\/2023\/11\/MicrosoftTeams-image-377-768x589.jpg 768w\" sizes=\"auto, (max-width: 803px) 100vw, 803px\" \/><\/figure>\n<\/figure>\n","protected":false},"excerpt":{"rendered":"<p>W ramach tegorocznego Festiwalu Nauki m\u0142odzie\u017c obejrza\u0142a cykl wywiad\u00f3w z Wybitnymi Absolwentami I LO. Naszymi go\u015b\u0107mi do tej pory byli: Prezydent Miasta D\u0105browa G\u00f3rnicza\u202f\u2013 Pan&hellip;<\/p>\n","protected":false},"author":1,"featured_media":465,"comment_status":"closed","ping_status":"closed","sticky":false,"template":"","format":"standard","meta":{"footnotes":""},"categories":[1],"tags":[],"class_list":["post-462","post","type-post","status-publish","format-standard","has-post-thumbnail","hentry","category-bez-kategorii"],"_links":{"self":[{"href":"https:\/\/lukasinski.dg.pl\/index.php?rest_route=\/wp\/v2\/posts\/462","targetHints":{"allow":["GET"]}}],"collection":[{"href":"https:\/\/lukasinski.dg.pl\/index.php?rest_route=\/wp\/v2\/posts"}],"about":[{"href":"https:\/\/lukasinski.dg.pl\/index.php?rest_route=\/wp\/v2\/types\/post"}],"author":[{"embeddable":true,"href":"https:\/\/lukasinski.dg.pl\/index.php?rest_route=\/wp\/v2\/users\/1"}],"replies":[{"embeddable":true,"href":"https:\/\/lukasinski.dg.pl\/index.php?rest_route=%2Fwp%2Fv2%2Fcomments&post=462"}],"version-history":[{"count":1,"href":"https:\/\/lukasinski.dg.pl\/index.php?rest_route=\/wp\/v2\/posts\/462\/revisions"}],"predecessor-version":[{"id":466,"href":"https:\/\/lukasinski.dg.pl\/index.php?rest_route=\/wp\/v2\/posts\/462\/revisions\/466"}],"wp:featuredmedia":[{"embeddable":true,"href":"https:\/\/lukasinski.dg.pl\/index.php?rest_route=\/wp\/v2\/media\/465"}],"wp:attachment":[{"href":"https:\/\/lukasinski.dg.pl\/index.php?rest_route=%2Fwp%2Fv2%2Fmedia&parent=462"}],"wp:term":[{"taxonomy":"category","embeddable":true,"href":"https:\/\/lukasinski.dg.pl\/index.php?rest_route=%2Fwp%2Fv2%2Fcategories&post=462"},{"taxonomy":"post_tag","embeddable":true,"href":"https:\/\/lukasinski.dg.pl\/index.php?rest_route=%2Fwp%2Fv2%2Ftags&post=462"}],"curies":[{"name":"wp","href":"https:\/\/api.w.org\/{rel}","templated":true}]}}