{"id":467,"date":"2023-11-06T08:26:08","date_gmt":"2023-11-06T07:26:08","guid":{"rendered":"https:\/\/lukasinski.dg.pl\/?p=467"},"modified":"2023-11-06T08:26:08","modified_gmt":"2023-11-06T07:26:08","slug":"a-jednak-sie-kreci","status":"publish","type":"post","link":"https:\/\/lukasinski.dg.pl\/?p=467","title":{"rendered":"A jednak si\u0119 kr\u0119ci\u2026\u2026"},"content":{"rendered":"\n<p><strong>W dniu 3.11 2023 roku w ramach Festiwalu Nauki odbywaj\u0105cego si\u0119 w naszej szkole, m\u0142odzie\u017c z klasy IVc, III c i II c realizuj\u0105ca zakres rozszerzony z fizyki i geografii uczestniczy\u0142a w zaj\u0119ciach dydaktycznych w Planetarium \u015al\u0105skim w Chorzowie.<\/strong><\/p>\n\n\n\n<p><strong>A jednak si\u0119 kr\u0119ci\u2026\u2026<\/strong><\/p>\n\n\n\n<p><strong>Czy S\u0142o\u0144ce w\u0119druje w\u015br\u00f3d gwiazd? Czy t\u0105 sam\u0105 drog\u0105 pod\u0105\u017caj\u0105 inne cia\u0142a niebieskie Uk\u0142adu S\u0142onecznego? Od czego zale\u017cy o\u015bwietlenie Ziemi?<\/strong><\/p>\n\n\n\n<p><strong>&nbsp;<\/strong>Na te i wiele innych pyta\u0144 znale\u017ali\u015bmy odpowiedzi &nbsp;podczas dwulekcyjnych zaj\u0119\u0107 pod sferycznym niebem planetarium. Uczestniczyli\u015bmy w fascynuj\u0105cej podr\u00f3\u017cy w czasie i przestrzeni. Mieli\u015bmy okazj\u0119 obejrze\u0107 wiele zjawisk, kt\u00f3rych obserwacja wymaga\u0142aby odleg\u0142ych woja\u017cy.<\/p>\n\n\n\n<p>Omawiane tre\u015bci podczas zaj\u0119\u0107 to: Elementy sfery niebieskiej. Ziemia w Uk\u0142adzie S\u0142onecznym. Ruch obrotowy Ziemi (zmiana dnia i nocy). Ruch obiegowy Ziemi (zmiany o\u015bwietlenia Ziemi w r\u00f3\u017cnych porach roku i na r\u00f3\u017cnych szeroko\u015bciach geograficznych).<\/p>\n\n\n\n<p>Po seansie byli\u015bmy na zaj\u0119ciach warsztatowych z Astronomii.<\/p>\n\n\n\n<p>&nbsp;Podczas zwiedzania&nbsp; interaktywnej ekspozycji po\u015bwi\u0119conej sposobom pozyskiwania informacji o Wszech\u015bwiecie dowidzieli\u015bmy si\u0119 dlaczego dla astronom\u00f3w tak wa\u017cny jest wod\u00f3r, jak zobaczy\u0107 niewidoczne, czy gro\u017ane jest dla cz\u0142owieka promieniowanie kosmiczne i jak wystrzeli\u0107 rakiet\u0119, \u017ceby dotar\u0142a do celu.<\/p>\n\n\n\n<p>Jedn\u0105 z najwi\u0119kszych atrakcji tej ekspozycji by\u0142a projekcja 3D pozwalaj\u0105ca na spacer w\u015br\u00f3d gwiazd\u2026<\/p>\n\n\n\n<p>W centralnym punkcie ekspozycji mieli\u015bmy okazj\u0119 zobaczy\u0107\u00a0 historyczny projektor Zeissa, kt\u00f3ry wy\u015bwietla\u0142 gwiazdy w Planetarium \u015al\u0105skim przez prawie 63 lata.<\/p>\n\n\n\n<figure class=\"wp-block-gallery has-nested-images columns-default is-cropped wp-block-gallery-1 is-layout-flex wp-block-gallery-is-layout-flex\">\n<figure class=\"wp-block-image size-large\"><img loading=\"lazy\" decoding=\"async\" width=\"601\" height=\"798\" data-id=\"468\" src=\"https:\/\/lukasinski.dg.pl\/wp-content\/uploads\/2023\/11\/MicrosoftTeams-image-383.jpg\" alt=\"\" class=\"wp-image-468\" srcset=\"https:\/\/lukasinski.dg.pl\/wp-content\/uploads\/2023\/11\/MicrosoftTeams-image-383.jpg 601w, https:\/\/lukasinski.dg.pl\/wp-content\/uploads\/2023\/11\/MicrosoftTeams-image-383-226x300.jpg 226w\" sizes=\"auto, (max-width: 601px) 100vw, 601px\" \/><\/figure>\n\n\n\n<figure class=\"wp-block-image size-large\"><img loading=\"lazy\" decoding=\"async\" width=\"424\" height=\"563\" data-id=\"469\" src=\"https:\/\/lukasinski.dg.pl\/wp-content\/uploads\/2023\/11\/MicrosoftTeams-image-382.jpg\" alt=\"\" class=\"wp-image-469\" srcset=\"https:\/\/lukasinski.dg.pl\/wp-content\/uploads\/2023\/11\/MicrosoftTeams-image-382.jpg 424w, https:\/\/lukasinski.dg.pl\/wp-content\/uploads\/2023\/11\/MicrosoftTeams-image-382-226x300.jpg 226w\" sizes=\"auto, (max-width: 424px) 100vw, 424px\" \/><\/figure>\n\n\n\n<figure class=\"wp-block-image size-large\"><img loading=\"lazy\" decoding=\"async\" width=\"424\" height=\"563\" data-id=\"470\" src=\"https:\/\/lukasinski.dg.pl\/wp-content\/uploads\/2023\/11\/MicrosoftTeams-image-381.jpg\" alt=\"\" class=\"wp-image-470\" srcset=\"https:\/\/lukasinski.dg.pl\/wp-content\/uploads\/2023\/11\/MicrosoftTeams-image-381.jpg 424w, https:\/\/lukasinski.dg.pl\/wp-content\/uploads\/2023\/11\/MicrosoftTeams-image-381-226x300.jpg 226w\" sizes=\"auto, (max-width: 424px) 100vw, 424px\" \/><\/figure>\n\n\n\n<figure class=\"wp-block-image size-large\"><img loading=\"lazy\" decoding=\"async\" width=\"299\" height=\"397\" data-id=\"471\" src=\"https:\/\/lukasinski.dg.pl\/wp-content\/uploads\/2023\/11\/MicrosoftTeams-image-380.jpg\" alt=\"\" class=\"wp-image-471\" srcset=\"https:\/\/lukasinski.dg.pl\/wp-content\/uploads\/2023\/11\/MicrosoftTeams-image-380.jpg 299w, https:\/\/lukasinski.dg.pl\/wp-content\/uploads\/2023\/11\/MicrosoftTeams-image-380-226x300.jpg 226w\" sizes=\"auto, (max-width: 299px) 100vw, 299px\" \/><\/figure>\n\n\n\n<figure class=\"wp-block-image size-large\"><img loading=\"lazy\" decoding=\"async\" width=\"1024\" height=\"768\" data-id=\"472\" src=\"https:\/\/lukasinski.dg.pl\/wp-content\/uploads\/2023\/11\/MicrosoftTeams-image-379-1-1024x768.jpg\" alt=\"\" class=\"wp-image-472\" srcset=\"https:\/\/lukasinski.dg.pl\/wp-content\/uploads\/2023\/11\/MicrosoftTeams-image-379-1-1024x768.jpg 1024w, https:\/\/lukasinski.dg.pl\/wp-content\/uploads\/2023\/11\/MicrosoftTeams-image-379-1-300x225.jpg 300w, https:\/\/lukasinski.dg.pl\/wp-content\/uploads\/2023\/11\/MicrosoftTeams-image-379-1-768x576.jpg 768w, https:\/\/lukasinski.dg.pl\/wp-content\/uploads\/2023\/11\/MicrosoftTeams-image-379-1-1536x1152.jpg 1536w, https:\/\/lukasinski.dg.pl\/wp-content\/uploads\/2023\/11\/MicrosoftTeams-image-379-1.jpg 2000w\" sizes=\"auto, (max-width: 1024px) 100vw, 1024px\" \/><\/figure>\n\n\n\n<figure class=\"wp-block-image size-large\"><img loading=\"lazy\" decoding=\"async\" width=\"1024\" height=\"768\" data-id=\"473\" src=\"https:\/\/lukasinski.dg.pl\/wp-content\/uploads\/2023\/11\/MicrosoftTeams-image-378-1-1024x768.jpg\" alt=\"\" class=\"wp-image-473\" srcset=\"https:\/\/lukasinski.dg.pl\/wp-content\/uploads\/2023\/11\/MicrosoftTeams-image-378-1-1024x768.jpg 1024w, https:\/\/lukasinski.dg.pl\/wp-content\/uploads\/2023\/11\/MicrosoftTeams-image-378-1-300x225.jpg 300w, https:\/\/lukasinski.dg.pl\/wp-content\/uploads\/2023\/11\/MicrosoftTeams-image-378-1-768x576.jpg 768w, https:\/\/lukasinski.dg.pl\/wp-content\/uploads\/2023\/11\/MicrosoftTeams-image-378-1-1536x1152.jpg 1536w, https:\/\/lukasinski.dg.pl\/wp-content\/uploads\/2023\/11\/MicrosoftTeams-image-378-1.jpg 2000w\" sizes=\"auto, (max-width: 1024px) 100vw, 1024px\" \/><\/figure>\n\n\n\n<figure class=\"wp-block-image size-large\"><img loading=\"lazy\" decoding=\"async\" width=\"1024\" height=\"768\" data-id=\"474\" src=\"https:\/\/lukasinski.dg.pl\/wp-content\/uploads\/2023\/11\/MicrosoftTeams-image-377-1-1024x768.jpg\" alt=\"\" class=\"wp-image-474\" srcset=\"https:\/\/lukasinski.dg.pl\/wp-content\/uploads\/2023\/11\/MicrosoftTeams-image-377-1-1024x768.jpg 1024w, https:\/\/lukasinski.dg.pl\/wp-content\/uploads\/2023\/11\/MicrosoftTeams-image-377-1-300x225.jpg 300w, https:\/\/lukasinski.dg.pl\/wp-content\/uploads\/2023\/11\/MicrosoftTeams-image-377-1-768x576.jpg 768w, https:\/\/lukasinski.dg.pl\/wp-content\/uploads\/2023\/11\/MicrosoftTeams-image-377-1-1536x1152.jpg 1536w, https:\/\/lukasinski.dg.pl\/wp-content\/uploads\/2023\/11\/MicrosoftTeams-image-377-1.jpg 2000w\" sizes=\"auto, (max-width: 1024px) 100vw, 1024px\" \/><\/figure>\n<\/figure>\n","protected":false},"excerpt":{"rendered":"<p>W dniu 3.11 2023 roku w ramach Festiwalu Nauki odbywaj\u0105cego si\u0119 w naszej szkole, m\u0142odzie\u017c z klasy IVc, III c i II c realizuj\u0105ca zakres&hellip;<\/p>\n","protected":false},"author":1,"featured_media":474,"comment_status":"closed","ping_status":"closed","sticky":false,"template":"","format":"standard","meta":{"footnotes":""},"categories":[1],"tags":[],"class_list":["post-467","post","type-post","status-publish","format-standard","has-post-thumbnail","hentry","category-bez-kategorii"],"_links":{"self":[{"href":"https:\/\/lukasinski.dg.pl\/index.php?rest_route=\/wp\/v2\/posts\/467","targetHints":{"allow":["GET"]}}],"collection":[{"href":"https:\/\/lukasinski.dg.pl\/index.php?rest_route=\/wp\/v2\/posts"}],"about":[{"href":"https:\/\/lukasinski.dg.pl\/index.php?rest_route=\/wp\/v2\/types\/post"}],"author":[{"embeddable":true,"href":"https:\/\/lukasinski.dg.pl\/index.php?rest_route=\/wp\/v2\/users\/1"}],"replies":[{"embeddable":true,"href":"https:\/\/lukasinski.dg.pl\/index.php?rest_route=%2Fwp%2Fv2%2Fcomments&post=467"}],"version-history":[{"count":1,"href":"https:\/\/lukasinski.dg.pl\/index.php?rest_route=\/wp\/v2\/posts\/467\/revisions"}],"predecessor-version":[{"id":475,"href":"https:\/\/lukasinski.dg.pl\/index.php?rest_route=\/wp\/v2\/posts\/467\/revisions\/475"}],"wp:featuredmedia":[{"embeddable":true,"href":"https:\/\/lukasinski.dg.pl\/index.php?rest_route=\/wp\/v2\/media\/474"}],"wp:attachment":[{"href":"https:\/\/lukasinski.dg.pl\/index.php?rest_route=%2Fwp%2Fv2%2Fmedia&parent=467"}],"wp:term":[{"taxonomy":"category","embeddable":true,"href":"https:\/\/lukasinski.dg.pl\/index.php?rest_route=%2Fwp%2Fv2%2Fcategories&post=467"},{"taxonomy":"post_tag","embeddable":true,"href":"https:\/\/lukasinski.dg.pl\/index.php?rest_route=%2Fwp%2Fv2%2Ftags&post=467"}],"curies":[{"name":"wp","href":"https:\/\/api.w.org\/{rel}","templated":true}]}}