{"id":479,"date":"2023-11-07T14:13:36","date_gmt":"2023-11-07T13:13:36","guid":{"rendered":"https:\/\/lukasinski.dg.pl\/?p=479"},"modified":"2023-11-07T14:18:58","modified_gmt":"2023-11-07T13:18:58","slug":"nad-niemnem-od-prezydenta","status":"publish","type":"post","link":"https:\/\/lukasinski.dg.pl\/?p=479","title":{"rendered":"&#8222;Nad Niemnem&#8221; &#8211; od Prezydenta"},"content":{"rendered":"\n<p>Nasza szko\u0142a otrzyma\u0142a od Prezydenta Rzeczpospolitej Polskiej list oraz okoliczno\u015bciowy egzemplarz powie\u015bci E. Orzeszkowej &#8222;Nad Niemnem&#8221; za wzi\u0119cie udzia\u0142u w Narodowym Czytaniu.<\/p>\n\n\n\n<div class=\"wp-block-algori-pdf-viewer-block-algori-pdf-viewer\"><iframe class=\"wp-block-algori-pdf-viewer-block-algori-pdf-viewer-iframe\" src=\"https:\/\/lukasinski.dg.pl\/wp-content\/plugins\/algori-pdf-viewer\/dist\/web\/viewer.html?file=https%3A%2F%2Flukasinski.dg.pl%2Fwp-content%2Fuploads%2F2023%2F11%2FList-PR2.pdf\" style=\"width:600px;height:300px\"><\/iframe><\/div>\n\n\n\n<div class=\"wp-block-pdfb-pdf-block\" style=\"height:1015px\"><iframe loading=\"lazy\" src=\"http:\/\/lukasinski.dg.pl\/wp-content\/uploads\/2023\/11\/List-PR.pdf?t#toolbar=0&amp;navpanes=0&amp;scrollbar=0\" width=\"100%\" height=\"100%\"><\/iframe><\/div>\n","protected":false},"excerpt":{"rendered":"<p>Nasza szko\u0142a otrzyma\u0142a od Prezydenta Rzeczpospolitej Polskiej list oraz okoliczno\u015bciowy egzemplarz powie\u015bci E. Orzeszkowej &#8222;Nad Niemnem&#8221; za wzi\u0119cie udzia\u0142u w Narodowym Czytaniu.<\/p>\n","protected":false},"author":1,"featured_media":477,"comment_status":"closed","ping_status":"closed","sticky":false,"template":"","format":"standard","meta":{"footnotes":""},"categories":[1],"tags":[],"class_list":["post-479","post","type-post","status-publish","format-standard","has-post-thumbnail","hentry","category-bez-kategorii"],"_links":{"self":[{"href":"https:\/\/lukasinski.dg.pl\/index.php?rest_route=\/wp\/v2\/posts\/479","targetHints":{"allow":["GET"]}}],"collection":[{"href":"https:\/\/lukasinski.dg.pl\/index.php?rest_route=\/wp\/v2\/posts"}],"about":[{"href":"https:\/\/lukasinski.dg.pl\/index.php?rest_route=\/wp\/v2\/types\/post"}],"author":[{"embeddable":true,"href":"https:\/\/lukasinski.dg.pl\/index.php?rest_route=\/wp\/v2\/users\/1"}],"replies":[{"embeddable":true,"href":"https:\/\/lukasinski.dg.pl\/index.php?rest_route=%2Fwp%2Fv2%2Fcomments&post=479"}],"version-history":[{"count":4,"href":"https:\/\/lukasinski.dg.pl\/index.php?rest_route=\/wp\/v2\/posts\/479\/revisions"}],"predecessor-version":[{"id":486,"href":"https:\/\/lukasinski.dg.pl\/index.php?rest_route=\/wp\/v2\/posts\/479\/revisions\/486"}],"wp:featuredmedia":[{"embeddable":true,"href":"https:\/\/lukasinski.dg.pl\/index.php?rest_route=\/wp\/v2\/media\/477"}],"wp:attachment":[{"href":"https:\/\/lukasinski.dg.pl\/index.php?rest_route=%2Fwp%2Fv2%2Fmedia&parent=479"}],"wp:term":[{"taxonomy":"category","embeddable":true,"href":"https:\/\/lukasinski.dg.pl\/index.php?rest_route=%2Fwp%2Fv2%2Fcategories&post=479"},{"taxonomy":"post_tag","embeddable":true,"href":"https:\/\/lukasinski.dg.pl\/index.php?rest_route=%2Fwp%2Fv2%2Ftags&post=479"}],"curies":[{"name":"wp","href":"https:\/\/api.w.org\/{rel}","templated":true}]}}