{"id":487,"date":"2023-11-09T10:09:18","date_gmt":"2023-11-09T09:09:18","guid":{"rendered":"https:\/\/lukasinski.dg.pl\/?p=487"},"modified":"2023-11-09T10:09:19","modified_gmt":"2023-11-09T09:09:19","slug":"sukces-literacki-oli","status":"publish","type":"post","link":"https:\/\/lukasinski.dg.pl\/?p=487","title":{"rendered":"Sukces literacki Oli"},"content":{"rendered":"\n<p>\u00a0Mi\u0142o nam poinformowa\u0107, \u017ce Olga Pytasz (2c) zosta\u0142a laureatk\u0105 XXVII Og\u00f3lnopolskiego i XLI Wojew\u00f3dzkiego Przegl\u0105du Dzieci\u0119cej i M\u0142odzie\u017cowej Tw\u00f3rczo\u015bci Literackiej \u201eLipa\u201d pod patronatem Prezydenta Miasta Bielska-Bia\u0142ej.\u00a0<br>\u201eLipa\u201d to najstarszy konkurs literacki organizowany nieprzerwanie od 40. lat. To konkurs, kt\u00f3rego fina\u0142 gromadzi laureat\u00f3w, rodzic\u00f3w, nauczycieli oraz organizator\u00f3w i \u201eLipowicz\u00f3w\u201d z poprzednich lat.\u00a0<br>Od kilku lat cz\u0119\u015b\u0107 artystyczn\u0105 fina\u0142u stanowi koncert Czes\u0142awa Mozila, kt\u00f3ry w tylko sobie w\u0142a\u015bciwy spos\u00f3b opowiada nam o otaczaj\u0105cej nas rzeczywisto\u015bci. Nast\u0119pnie chwila dla laureat\u00f3w.\u00a0<br>W tym roku 60 m\u0142odych pisarzy i poet\u00f3w odebra\u0142o od pana Jana Pichety nagrody i dyplomy ze specjalnymi, zindywidualizowanymi dedykacjami. Wszystkie dedykacje ilustrowa\u0142 swoj\u0105 niepowtarzaln\u0105 muzyk\u0105 pan Janusz Kohut. Po przerwie obiadowej Laureaci wzi\u0119li udzia\u0142 w panelu dyskusyjnym zatytu\u0142owanym \u201eRado\u015b\u0107 pisania\u201d, prowadzonym przez dramaturga Artura Pa\u0142yg\u0119, kt\u00f3ry jest r\u00f3wnie\u017c \u201eLipowiczem\u201d oraz w warsztatach z Jurorami \u2013\u00a0 panem Janem Picht\u0105, Tomaszem Jastrunem i Julianem W\u0105trob\u0105.\u00a0<br>Podczas podsumowania pada\u0142y s\u0142owa wyra\u017caj\u0105ce uznanie dla m\u0142odych tw\u00f3rc\u00f3w oraz apel do laureat\u00f3w, aby rozwijali swoje talenty i tworzyli sztuk\u0119, bo to ona zmienia \u015bwiat.<\/p>\n\n\n\n<figure class=\"wp-block-gallery has-nested-images columns-default is-cropped wp-block-gallery-1 is-layout-flex wp-block-gallery-is-layout-flex\">\n<figure class=\"wp-block-image size-large\"><img loading=\"lazy\" decoding=\"async\" width=\"592\" height=\"1024\" data-id=\"489\" src=\"https:\/\/lukasinski.dg.pl\/wp-content\/uploads\/2023\/11\/MicrosoftTeams-image-385-592x1024.jpg\" alt=\"\" class=\"wp-image-489\" srcset=\"https:\/\/lukasinski.dg.pl\/wp-content\/uploads\/2023\/11\/MicrosoftTeams-image-385-592x1024.jpg 592w, https:\/\/lukasinski.dg.pl\/wp-content\/uploads\/2023\/11\/MicrosoftTeams-image-385-173x300.jpg 173w, https:\/\/lukasinski.dg.pl\/wp-content\/uploads\/2023\/11\/MicrosoftTeams-image-385-768x1329.jpg 768w, https:\/\/lukasinski.dg.pl\/wp-content\/uploads\/2023\/11\/MicrosoftTeams-image-385-887x1536.jpg 887w, https:\/\/lukasinski.dg.pl\/wp-content\/uploads\/2023\/11\/MicrosoftTeams-image-385.jpg 1104w\" sizes=\"auto, (max-width: 592px) 100vw, 592px\" \/><\/figure>\n\n\n\n<figure class=\"wp-block-image size-large\"><img loading=\"lazy\" decoding=\"async\" width=\"640\" height=\"799\" data-id=\"488\" src=\"https:\/\/lukasinski.dg.pl\/wp-content\/uploads\/2023\/11\/MicrosoftTeams-image-384.jpg\" alt=\"\" class=\"wp-image-488\" srcset=\"https:\/\/lukasinski.dg.pl\/wp-content\/uploads\/2023\/11\/MicrosoftTeams-image-384.jpg 640w, https:\/\/lukasinski.dg.pl\/wp-content\/uploads\/2023\/11\/MicrosoftTeams-image-384-240x300.jpg 240w\" sizes=\"auto, (max-width: 640px) 100vw, 640px\" \/><\/figure>\n<\/figure>\n","protected":false},"excerpt":{"rendered":"<p>\u00a0Mi\u0142o nam poinformowa\u0107, \u017ce Olga Pytasz (2c) zosta\u0142a laureatk\u0105 XXVII Og\u00f3lnopolskiego i XLI Wojew\u00f3dzkiego Przegl\u0105du Dzieci\u0119cej i M\u0142odzie\u017cowej Tw\u00f3rczo\u015bci Literackiej \u201eLipa\u201d pod patronatem Prezydenta Miasta&hellip;<\/p>\n","protected":false},"author":1,"featured_media":489,"comment_status":"closed","ping_status":"closed","sticky":false,"template":"","format":"standard","meta":{"footnotes":""},"categories":[1],"tags":[],"class_list":["post-487","post","type-post","status-publish","format-standard","has-post-thumbnail","hentry","category-bez-kategorii"],"_links":{"self":[{"href":"https:\/\/lukasinski.dg.pl\/index.php?rest_route=\/wp\/v2\/posts\/487","targetHints":{"allow":["GET"]}}],"collection":[{"href":"https:\/\/lukasinski.dg.pl\/index.php?rest_route=\/wp\/v2\/posts"}],"about":[{"href":"https:\/\/lukasinski.dg.pl\/index.php?rest_route=\/wp\/v2\/types\/post"}],"author":[{"embeddable":true,"href":"https:\/\/lukasinski.dg.pl\/index.php?rest_route=\/wp\/v2\/users\/1"}],"replies":[{"embeddable":true,"href":"https:\/\/lukasinski.dg.pl\/index.php?rest_route=%2Fwp%2Fv2%2Fcomments&post=487"}],"version-history":[{"count":1,"href":"https:\/\/lukasinski.dg.pl\/index.php?rest_route=\/wp\/v2\/posts\/487\/revisions"}],"predecessor-version":[{"id":490,"href":"https:\/\/lukasinski.dg.pl\/index.php?rest_route=\/wp\/v2\/posts\/487\/revisions\/490"}],"wp:featuredmedia":[{"embeddable":true,"href":"https:\/\/lukasinski.dg.pl\/index.php?rest_route=\/wp\/v2\/media\/489"}],"wp:attachment":[{"href":"https:\/\/lukasinski.dg.pl\/index.php?rest_route=%2Fwp%2Fv2%2Fmedia&parent=487"}],"wp:term":[{"taxonomy":"category","embeddable":true,"href":"https:\/\/lukasinski.dg.pl\/index.php?rest_route=%2Fwp%2Fv2%2Fcategories&post=487"},{"taxonomy":"post_tag","embeddable":true,"href":"https:\/\/lukasinski.dg.pl\/index.php?rest_route=%2Fwp%2Fv2%2Ftags&post=487"}],"curies":[{"name":"wp","href":"https:\/\/api.w.org\/{rel}","templated":true}]}}