{"id":500,"date":"2023-11-21T09:01:12","date_gmt":"2023-11-21T08:01:12","guid":{"rendered":"https:\/\/lukasinski.dg.pl\/?p=500"},"modified":"2023-11-21T09:01:51","modified_gmt":"2023-11-21T08:01:51","slug":"500","status":"publish","type":"post","link":"https:\/\/lukasinski.dg.pl\/?p=500","title":{"rendered":"Zaj\u0119cia akademickie z filozofii w ramach Festiwalu Nauki\u00a0"},"content":{"rendered":"\n<p>Zaj\u0119cia akademickie z filozofii w ramach Festiwalu Nauki\u00a0<br>W dniu 17 listopada 2023 r. wyj\u0105tkowym go\u015bciem w naszej szkole by\u0142 pan prof. U\u015a. dr hab. Mariusz Wojewoda z Instytutu Filozofii Uniwersytetu \u015al\u0105skiego w Katowicach. W spotkaniu pod has\u0142em: \u201eNietzsche jako filozof wsp\u00f3\u0142czesny\u201d uczestniczyli uczniowie z klasy 3e oraz 2a, kt\u00f3rzy realizuj\u0105 filozofi\u0119 na poziomie rozszerzonym.\u00a0 W naszym liceum takie zaj\u0119cia odbywaj\u0105 si\u0119 w ramach wsp\u00f3\u0142pracy dydaktyczno-naukowej z Wydzia\u0142em Nauk Spo\u0142ecznych (ze szczeg\u00f3lnym uwzgl\u0119dnieniem Instytutu Filozofii) Uniwersytetu \u015al\u0105skiego w Katowicach.\u00a0 Spo\u0142eczno\u015bci naszej szko\u0142y zale\u017cy na stworzeniu warunk\u00f3w do rozwoju indywidualnych zainteresowa\u0144 i umiej\u0119tno\u015bci m\u0142odzie\u017cy, popularyzacji tw\u00f3rczych dzia\u0142a\u0144 uczni\u00f3w oraz wspomaganiu ich naukowego rozwoju naukowego przez nauczycieli akademickich. Ponadto zaj\u0119cia te zbieg\u0142y si\u0119 w czasie ze \u015awiatowym Dniem Filozofii, kt\u00f3ry zosta\u0142 zainicjowany przez UNESCO w 2002 roku.\u00a0<\/p>\n\n\n\n<figure class=\"wp-block-gallery has-nested-images columns-default is-cropped wp-block-gallery-1 is-layout-flex wp-block-gallery-is-layout-flex\">\n<figure class=\"wp-block-image size-large\"><img loading=\"lazy\" decoding=\"async\" width=\"1024\" height=\"687\" data-id=\"503\" src=\"https:\/\/lukasinski.dg.pl\/wp-content\/uploads\/2023\/11\/MicrosoftTeams-image-388-1024x687.jpg\" alt=\"\" class=\"wp-image-503\" srcset=\"https:\/\/lukasinski.dg.pl\/wp-content\/uploads\/2023\/11\/MicrosoftTeams-image-388-1024x687.jpg 1024w, https:\/\/lukasinski.dg.pl\/wp-content\/uploads\/2023\/11\/MicrosoftTeams-image-388-300x201.jpg 300w, https:\/\/lukasinski.dg.pl\/wp-content\/uploads\/2023\/11\/MicrosoftTeams-image-388-768x515.jpg 768w, https:\/\/lukasinski.dg.pl\/wp-content\/uploads\/2023\/11\/MicrosoftTeams-image-388-1536x1030.jpg 1536w, https:\/\/lukasinski.dg.pl\/wp-content\/uploads\/2023\/11\/MicrosoftTeams-image-388-2048x1374.jpg 2048w\" sizes=\"auto, (max-width: 1024px) 100vw, 1024px\" \/><\/figure>\n\n\n\n<figure class=\"wp-block-image size-large\"><img loading=\"lazy\" decoding=\"async\" width=\"768\" height=\"1024\" data-id=\"502\" src=\"https:\/\/lukasinski.dg.pl\/wp-content\/uploads\/2023\/11\/MicrosoftTeams-image-386-768x1024.jpg\" alt=\"\" class=\"wp-image-502\" srcset=\"https:\/\/lukasinski.dg.pl\/wp-content\/uploads\/2023\/11\/MicrosoftTeams-image-386-768x1024.jpg 768w, https:\/\/lukasinski.dg.pl\/wp-content\/uploads\/2023\/11\/MicrosoftTeams-image-386-225x300.jpg 225w, https:\/\/lukasinski.dg.pl\/wp-content\/uploads\/2023\/11\/MicrosoftTeams-image-386-1152x1536.jpg 1152w, https:\/\/lukasinski.dg.pl\/wp-content\/uploads\/2023\/11\/MicrosoftTeams-image-386-1536x2048.jpg 1536w, https:\/\/lukasinski.dg.pl\/wp-content\/uploads\/2023\/11\/MicrosoftTeams-image-386-scaled.jpg 1920w\" sizes=\"auto, (max-width: 768px) 100vw, 768px\" \/><\/figure>\n\n\n\n<figure class=\"wp-block-image size-large\"><img loading=\"lazy\" decoding=\"async\" width=\"531\" height=\"1024\" data-id=\"501\" src=\"https:\/\/lukasinski.dg.pl\/wp-content\/uploads\/2023\/11\/MicrosoftTeams-image-387-531x1024.jpg\" alt=\"\" class=\"wp-image-501\" srcset=\"https:\/\/lukasinski.dg.pl\/wp-content\/uploads\/2023\/11\/MicrosoftTeams-image-387-531x1024.jpg 531w, https:\/\/lukasinski.dg.pl\/wp-content\/uploads\/2023\/11\/MicrosoftTeams-image-387-156x300.jpg 156w, https:\/\/lukasinski.dg.pl\/wp-content\/uploads\/2023\/11\/MicrosoftTeams-image-387-768x1481.jpg 768w, https:\/\/lukasinski.dg.pl\/wp-content\/uploads\/2023\/11\/MicrosoftTeams-image-387.jpg 797w\" sizes=\"auto, (max-width: 531px) 100vw, 531px\" \/><\/figure>\n<\/figure>\n","protected":false},"excerpt":{"rendered":"<p>Zaj\u0119cia akademickie z filozofii w ramach Festiwalu Nauki\u00a0W dniu 17 listopada 2023 r. wyj\u0105tkowym go\u015bciem w naszej szkole by\u0142 pan prof. U\u015a. dr hab. Mariusz&hellip;<\/p>\n","protected":false},"author":1,"featured_media":501,"comment_status":"closed","ping_status":"closed","sticky":false,"template":"","format":"standard","meta":{"footnotes":""},"categories":[1],"tags":[],"class_list":["post-500","post","type-post","status-publish","format-standard","has-post-thumbnail","hentry","category-bez-kategorii"],"_links":{"self":[{"href":"https:\/\/lukasinski.dg.pl\/index.php?rest_route=\/wp\/v2\/posts\/500","targetHints":{"allow":["GET"]}}],"collection":[{"href":"https:\/\/lukasinski.dg.pl\/index.php?rest_route=\/wp\/v2\/posts"}],"about":[{"href":"https:\/\/lukasinski.dg.pl\/index.php?rest_route=\/wp\/v2\/types\/post"}],"author":[{"embeddable":true,"href":"https:\/\/lukasinski.dg.pl\/index.php?rest_route=\/wp\/v2\/users\/1"}],"replies":[{"embeddable":true,"href":"https:\/\/lukasinski.dg.pl\/index.php?rest_route=%2Fwp%2Fv2%2Fcomments&post=500"}],"version-history":[{"count":2,"href":"https:\/\/lukasinski.dg.pl\/index.php?rest_route=\/wp\/v2\/posts\/500\/revisions"}],"predecessor-version":[{"id":505,"href":"https:\/\/lukasinski.dg.pl\/index.php?rest_route=\/wp\/v2\/posts\/500\/revisions\/505"}],"wp:featuredmedia":[{"embeddable":true,"href":"https:\/\/lukasinski.dg.pl\/index.php?rest_route=\/wp\/v2\/media\/501"}],"wp:attachment":[{"href":"https:\/\/lukasinski.dg.pl\/index.php?rest_route=%2Fwp%2Fv2%2Fmedia&parent=500"}],"wp:term":[{"taxonomy":"category","embeddable":true,"href":"https:\/\/lukasinski.dg.pl\/index.php?rest_route=%2Fwp%2Fv2%2Fcategories&post=500"},{"taxonomy":"post_tag","embeddable":true,"href":"https:\/\/lukasinski.dg.pl\/index.php?rest_route=%2Fwp%2Fv2%2Ftags&post=500"}],"curies":[{"name":"wp","href":"https:\/\/api.w.org\/{rel}","templated":true}]}}