{"id":509,"date":"2023-11-27T08:58:47","date_gmt":"2023-11-27T07:58:47","guid":{"rendered":"https:\/\/lukasinski.dg.pl\/?p=509"},"modified":"2023-11-27T08:58:47","modified_gmt":"2023-11-27T07:58:47","slug":"zajecia-akademickie-z-estetyki-w-ramach-festiwalu-nauki","status":"publish","type":"post","link":"https:\/\/lukasinski.dg.pl\/?p=509","title":{"rendered":"Zaj\u0119cia akademickie z estetyki w ramach Festiwalu Nauki\u00a0"},"content":{"rendered":"\n<p>Zaj\u0119cia akademickie z estetyki w ramach Festiwalu Nauki\u00a0<br>W ramach Festiwalu Nauki w dniu 24 listopada 2023 r. zaj\u0119cia poprowadzi\u0142a pani prof. U\u015a dr Mariola Su\u0142kowska-Janowska z Instytutu Filozofii Uniwersytetu \u015al\u0105skiego w Katowicach. W spotkaniu pod has\u0142em: \u201eLabirynt jako metafora my\u015blenia: od Tezeusza do k\u0142\u0105cza<strong>\u201d <\/strong>uczestniczyli uczniowie z klasy 1a oraz 2a, kt\u00f3rzy realizuj\u0105 filozofi\u0119 na poziomie rozszerzonym.\u00a0 W naszym liceum takie zaj\u0119cia odbywaj\u0105 si\u0119 w ramach wsp\u00f3\u0142pracy dydaktyczno-naukowej z Wydzia\u0142em Nauk Spo\u0142ecznych (ze szczeg\u00f3lnym uwzgl\u0119dnieniem Instytutu Filozofii) Uniwersytetu \u015al\u0105skiego w Katowicach.\u00a0\u00a0<\/p>\n\n\n\n<p><\/p>\n","protected":false},"excerpt":{"rendered":"<p>Zaj\u0119cia akademickie z estetyki w ramach Festiwalu Nauki\u00a0W ramach Festiwalu Nauki w dniu 24 listopada 2023 r. zaj\u0119cia poprowadzi\u0142a pani prof. U\u015a dr Mariola Su\u0142kowska-Janowska&hellip;<\/p>\n","protected":false},"author":1,"featured_media":510,"comment_status":"closed","ping_status":"closed","sticky":false,"template":"","format":"standard","meta":{"footnotes":""},"categories":[1],"tags":[],"class_list":["post-509","post","type-post","status-publish","format-standard","has-post-thumbnail","hentry","category-bez-kategorii"],"_links":{"self":[{"href":"https:\/\/lukasinski.dg.pl\/index.php?rest_route=\/wp\/v2\/posts\/509","targetHints":{"allow":["GET"]}}],"collection":[{"href":"https:\/\/lukasinski.dg.pl\/index.php?rest_route=\/wp\/v2\/posts"}],"about":[{"href":"https:\/\/lukasinski.dg.pl\/index.php?rest_route=\/wp\/v2\/types\/post"}],"author":[{"embeddable":true,"href":"https:\/\/lukasinski.dg.pl\/index.php?rest_route=\/wp\/v2\/users\/1"}],"replies":[{"embeddable":true,"href":"https:\/\/lukasinski.dg.pl\/index.php?rest_route=%2Fwp%2Fv2%2Fcomments&post=509"}],"version-history":[{"count":1,"href":"https:\/\/lukasinski.dg.pl\/index.php?rest_route=\/wp\/v2\/posts\/509\/revisions"}],"predecessor-version":[{"id":511,"href":"https:\/\/lukasinski.dg.pl\/index.php?rest_route=\/wp\/v2\/posts\/509\/revisions\/511"}],"wp:featuredmedia":[{"embeddable":true,"href":"https:\/\/lukasinski.dg.pl\/index.php?rest_route=\/wp\/v2\/media\/510"}],"wp:attachment":[{"href":"https:\/\/lukasinski.dg.pl\/index.php?rest_route=%2Fwp%2Fv2%2Fmedia&parent=509"}],"wp:term":[{"taxonomy":"category","embeddable":true,"href":"https:\/\/lukasinski.dg.pl\/index.php?rest_route=%2Fwp%2Fv2%2Fcategories&post=509"},{"taxonomy":"post_tag","embeddable":true,"href":"https:\/\/lukasinski.dg.pl\/index.php?rest_route=%2Fwp%2Fv2%2Ftags&post=509"}],"curies":[{"name":"wp","href":"https:\/\/api.w.org\/{rel}","templated":true}]}}