{"id":516,"date":"2023-12-11T10:05:35","date_gmt":"2023-12-11T09:05:35","guid":{"rendered":"https:\/\/lukasinski.dg.pl\/?p=516"},"modified":"2023-12-11T10:05:35","modified_gmt":"2023-12-11T09:05:35","slug":"wystep-wokalny-w-swiatecznej-atmosferze","status":"publish","type":"post","link":"https:\/\/lukasinski.dg.pl\/?p=516","title":{"rendered":"Wyst\u0119p wokalny w \u015bwi\u0105tecznej atmosferze\u00a0"},"content":{"rendered":"\n<p>Wyst\u0119p wokalny w \u015bwi\u0105tecznej atmosferze\u00a0<br>Patrycja Wojciechowska (kl. 2a, uczestniczka Szkolnego Ko\u0142a Teatralnego Adamantem) \u00a0reprezentowa\u0142a wokalnie nasz\u0105 szko\u0142\u0119 w czasie Jarmarku Bo\u017conarodzeniowego, kt\u00f3ry odbywa si\u0119 przed Pa\u0142acem Kultury Zag\u0142\u0119bia. Program artystyczny wybrany przez uczennic\u0119 doskonale wpisa\u0142 si\u0119 w magiczny klimat \u015bwi\u0105t, a jej wspania\u0142y g\u0142os umili\u0142 s\u0142uchaczom pi\u0105tkowe popo\u0142udnie.\u00a0<\/p>\n\n\n\n<figure class=\"wp-block-gallery has-nested-images columns-default is-cropped wp-block-gallery-1 is-layout-flex wp-block-gallery-is-layout-flex\">\n<figure class=\"wp-block-image size-large\"><img loading=\"lazy\" decoding=\"async\" width=\"768\" height=\"1024\" data-id=\"517\" src=\"https:\/\/lukasinski.dg.pl\/wp-content\/uploads\/2023\/12\/MicrosoftTeams-image-391-768x1024.jpg\" alt=\"\" class=\"wp-image-517\" srcset=\"https:\/\/lukasinski.dg.pl\/wp-content\/uploads\/2023\/12\/MicrosoftTeams-image-391-768x1024.jpg 768w, https:\/\/lukasinski.dg.pl\/wp-content\/uploads\/2023\/12\/MicrosoftTeams-image-391-225x300.jpg 225w, https:\/\/lukasinski.dg.pl\/wp-content\/uploads\/2023\/12\/MicrosoftTeams-image-391-1152x1536.jpg 1152w, https:\/\/lukasinski.dg.pl\/wp-content\/uploads\/2023\/12\/MicrosoftTeams-image-391-1536x2048.jpg 1536w, https:\/\/lukasinski.dg.pl\/wp-content\/uploads\/2023\/12\/MicrosoftTeams-image-391-scaled.jpg 1920w\" sizes=\"auto, (max-width: 768px) 100vw, 768px\" \/><\/figure>\n\n\n\n<figure class=\"wp-block-image size-large\"><img loading=\"lazy\" decoding=\"async\" width=\"1024\" height=\"768\" data-id=\"518\" src=\"https:\/\/lukasinski.dg.pl\/wp-content\/uploads\/2023\/12\/MicrosoftTeams-image-392-1024x768.jpg\" alt=\"\" class=\"wp-image-518\" srcset=\"https:\/\/lukasinski.dg.pl\/wp-content\/uploads\/2023\/12\/MicrosoftTeams-image-392-1024x768.jpg 1024w, https:\/\/lukasinski.dg.pl\/wp-content\/uploads\/2023\/12\/MicrosoftTeams-image-392-300x225.jpg 300w, https:\/\/lukasinski.dg.pl\/wp-content\/uploads\/2023\/12\/MicrosoftTeams-image-392-768x576.jpg 768w, https:\/\/lukasinski.dg.pl\/wp-content\/uploads\/2023\/12\/MicrosoftTeams-image-392-1536x1152.jpg 1536w, https:\/\/lukasinski.dg.pl\/wp-content\/uploads\/2023\/12\/MicrosoftTeams-image-392-2048x1536.jpg 2048w\" sizes=\"auto, (max-width: 1024px) 100vw, 1024px\" \/><\/figure>\n<\/figure>\n","protected":false},"excerpt":{"rendered":"<p>Wyst\u0119p wokalny w \u015bwi\u0105tecznej atmosferze\u00a0Patrycja Wojciechowska (kl. 2a, uczestniczka Szkolnego Ko\u0142a Teatralnego Adamantem) \u00a0reprezentowa\u0142a wokalnie nasz\u0105 szko\u0142\u0119 w czasie Jarmarku Bo\u017conarodzeniowego, kt\u00f3ry odbywa si\u0119 przed&hellip;<\/p>\n","protected":false},"author":1,"featured_media":519,"comment_status":"closed","ping_status":"closed","sticky":false,"template":"","format":"standard","meta":{"footnotes":""},"categories":[1],"tags":[],"class_list":["post-516","post","type-post","status-publish","format-standard","has-post-thumbnail","hentry","category-bez-kategorii"],"_links":{"self":[{"href":"https:\/\/lukasinski.dg.pl\/index.php?rest_route=\/wp\/v2\/posts\/516","targetHints":{"allow":["GET"]}}],"collection":[{"href":"https:\/\/lukasinski.dg.pl\/index.php?rest_route=\/wp\/v2\/posts"}],"about":[{"href":"https:\/\/lukasinski.dg.pl\/index.php?rest_route=\/wp\/v2\/types\/post"}],"author":[{"embeddable":true,"href":"https:\/\/lukasinski.dg.pl\/index.php?rest_route=\/wp\/v2\/users\/1"}],"replies":[{"embeddable":true,"href":"https:\/\/lukasinski.dg.pl\/index.php?rest_route=%2Fwp%2Fv2%2Fcomments&post=516"}],"version-history":[{"count":1,"href":"https:\/\/lukasinski.dg.pl\/index.php?rest_route=\/wp\/v2\/posts\/516\/revisions"}],"predecessor-version":[{"id":520,"href":"https:\/\/lukasinski.dg.pl\/index.php?rest_route=\/wp\/v2\/posts\/516\/revisions\/520"}],"wp:featuredmedia":[{"embeddable":true,"href":"https:\/\/lukasinski.dg.pl\/index.php?rest_route=\/wp\/v2\/media\/519"}],"wp:attachment":[{"href":"https:\/\/lukasinski.dg.pl\/index.php?rest_route=%2Fwp%2Fv2%2Fmedia&parent=516"}],"wp:term":[{"taxonomy":"category","embeddable":true,"href":"https:\/\/lukasinski.dg.pl\/index.php?rest_route=%2Fwp%2Fv2%2Fcategories&post=516"},{"taxonomy":"post_tag","embeddable":true,"href":"https:\/\/lukasinski.dg.pl\/index.php?rest_route=%2Fwp%2Fv2%2Ftags&post=516"}],"curies":[{"name":"wp","href":"https:\/\/api.w.org\/{rel}","templated":true}]}}