{"id":600,"date":"2024-01-04T09:15:57","date_gmt":"2024-01-04T08:15:57","guid":{"rendered":"https:\/\/lukasinski.dg.pl\/?p=600"},"modified":"2024-01-04T09:15:58","modified_gmt":"2024-01-04T08:15:58","slug":"rozstrzygniecie-konkursow-na-prace-pisemna-biblioteka-moich-marzen-oraz-recenzje-ulubionej-ksiazki-ze-swoich-ulubionych-lub-ostatnio-przeczytanych-ksiazek-juz-za-n","status":"publish","type":"post","link":"https:\/\/lukasinski.dg.pl\/?p=600","title":{"rendered":"Rozstrzygni\u0119cie konkurs\u00f3w na prac\u0119 pisemn\u0105\u00a0&#8222;Biblioteka moich marze\u0144&#8221; oraz \u201eRecenzj\u0119 ulubionej ksi\u0105\u017cki\u201d\u00a0ze swoich ulubionych lub ostatnio przeczytanych ksi\u0105\u017cek\u00a0ju\u017c za nami."},"content":{"rendered":"\n<p>Rozstrzygni\u0119cie konkurs\u00f3w na prac\u0119 pisemn\u0105&nbsp;<strong>&#8222;Biblioteka moich marze\u0144&#8221;<\/strong><strong> oraz \u201eRecenzj\u0119 ulubionej ksi\u0105\u017cki\u201d<\/strong>&nbsp;<strong>ze swoich ulubionych lub ostatnio przeczytanych ksi\u0105\u017cek<\/strong><a><\/a>&nbsp;ju\u017c za nami. Celem&nbsp;konkurs\u00f3w&nbsp;by\u0142o promowanie aktywno\u015bci tw\u00f3rczej, rozwijanie kreatywno\u015bci i wra\u017cliwo\u015bci estetycznej oraz&nbsp;promocja biblioteki w \u015brodowisku szkolnym. Zg\u0142oszone prace zachwyca\u0142y&nbsp;r\u00f3\u017cnorodno\u015bci\u0105 i pomys\u0142owo\u015bci\u0105.<\/p>\n\n\n\n<p>Zwyci\u0119zc\u0105 konkursu \u201eBiblioteka moich marze\u0144\u201d zosta\u0142a Anna Ja\u015btal z kl. IIIB. Zwyci\u0119zc\u0105 konkursu \u201eRecenzja ulubionej ksi\u0105\u017cki\u201d zosta\u0142a Livia \u015amigielska &nbsp;&nbsp;&nbsp;&nbsp;&nbsp;&nbsp;&nbsp;z kl. IIB. Nagrodzone uczennice otrzyma\u0142y opr\u00f3cz dyplom\u00f3w atrakcyjne nagrody ksi\u0105\u017ckowe. Serdecznie&nbsp;gratulujemy!<\/p>\n","protected":false},"excerpt":{"rendered":"<p>Rozstrzygni\u0119cie konkurs\u00f3w na prac\u0119 pisemn\u0105&nbsp;&#8222;Biblioteka moich marze\u0144&#8221; oraz \u201eRecenzj\u0119 ulubionej ksi\u0105\u017cki\u201d&nbsp;ze swoich ulubionych lub ostatnio przeczytanych ksi\u0105\u017cek&nbsp;ju\u017c za nami. Celem&nbsp;konkurs\u00f3w&nbsp;by\u0142o promowanie aktywno\u015bci tw\u00f3rczej, rozwijanie kreatywno\u015bci&hellip;<\/p>\n","protected":false},"author":1,"featured_media":595,"comment_status":"closed","ping_status":"closed","sticky":false,"template":"","format":"standard","meta":{"footnotes":""},"categories":[1],"tags":[],"class_list":["post-600","post","type-post","status-publish","format-standard","has-post-thumbnail","hentry","category-bez-kategorii"],"_links":{"self":[{"href":"https:\/\/lukasinski.dg.pl\/index.php?rest_route=\/wp\/v2\/posts\/600","targetHints":{"allow":["GET"]}}],"collection":[{"href":"https:\/\/lukasinski.dg.pl\/index.php?rest_route=\/wp\/v2\/posts"}],"about":[{"href":"https:\/\/lukasinski.dg.pl\/index.php?rest_route=\/wp\/v2\/types\/post"}],"author":[{"embeddable":true,"href":"https:\/\/lukasinski.dg.pl\/index.php?rest_route=\/wp\/v2\/users\/1"}],"replies":[{"embeddable":true,"href":"https:\/\/lukasinski.dg.pl\/index.php?rest_route=%2Fwp%2Fv2%2Fcomments&post=600"}],"version-history":[{"count":1,"href":"https:\/\/lukasinski.dg.pl\/index.php?rest_route=\/wp\/v2\/posts\/600\/revisions"}],"predecessor-version":[{"id":601,"href":"https:\/\/lukasinski.dg.pl\/index.php?rest_route=\/wp\/v2\/posts\/600\/revisions\/601"}],"wp:featuredmedia":[{"embeddable":true,"href":"https:\/\/lukasinski.dg.pl\/index.php?rest_route=\/wp\/v2\/media\/595"}],"wp:attachment":[{"href":"https:\/\/lukasinski.dg.pl\/index.php?rest_route=%2Fwp%2Fv2%2Fmedia&parent=600"}],"wp:term":[{"taxonomy":"category","embeddable":true,"href":"https:\/\/lukasinski.dg.pl\/index.php?rest_route=%2Fwp%2Fv2%2Fcategories&post=600"},{"taxonomy":"post_tag","embeddable":true,"href":"https:\/\/lukasinski.dg.pl\/index.php?rest_route=%2Fwp%2Fv2%2Ftags&post=600"}],"curies":[{"name":"wp","href":"https:\/\/api.w.org\/{rel}","templated":true}]}}