{"id":667,"date":"2024-01-19T08:15:46","date_gmt":"2024-01-19T07:15:46","guid":{"rendered":"https:\/\/lukasinski.dg.pl\/?p=667"},"modified":"2024-01-19T08:15:46","modified_gmt":"2024-01-19T07:15:46","slug":"klasa-1-d-brala-udzial-w-zajeciach-zorganizowanych-przez-biblioteke-pedagogiczna-w-bedzinie-na-temat-zydow-zaglebiowskich","status":"publish","type":"post","link":"https:\/\/lukasinski.dg.pl\/?p=667","title":{"rendered":"Klasa 1 d bra\u0142a udzia\u0142 w zaj\u0119ciach zorganizowanych przez Bibliotek\u0119 Pedagogiczn\u0105 w B\u0119dzinie na temat \u017byd\u00f3w zag\u0142\u0119biowskich."},"content":{"rendered":"\n<p>Klasa 1 d bra\u0142a udzia\u0142 w zaj\u0119ciach zorganizowanych przez Bibliotek\u0119 Pedagogiczn\u0105 w B\u0119dzinie na temat \u017byd\u00f3w zag\u0142\u0119biowskich. Poznali\u015bmy histori\u0119 narodu \u017cydowskiego na ziemiach Zag\u0142\u0119bia D\u0105browskiego. Odwiedzili\u015bmy te\u017c teren getta b\u0119dzi\u0144skiego tzw. Kamionk\u0119, cmentarz \u017cydowski na wzg\u00f3rzu Zamkowym i Rybi Targ. Najbardziej wzruszaj\u0105ca by\u0142a historia Rutki Laskier, m\u0142odej dziewczyny, kt\u00f3ra pisa\u0142a pami\u0119tnik zawieraj\u0105cy opis \u017cycia w okupowanym B\u0119dzinie. \u00a0<br>Dzi\u0119kujemy Paniom z Biblioteki za ciekaw\u0105 lekcj\u0119 historii.<\/p>\n\n\n\n<figure class=\"wp-block-gallery has-nested-images columns-default is-cropped wp-block-gallery-1 is-layout-flex wp-block-gallery-is-layout-flex\">\n<figure class=\"wp-block-image size-large\"><img loading=\"lazy\" decoding=\"async\" width=\"768\" height=\"1024\" data-id=\"668\" src=\"https:\/\/lukasinski.dg.pl\/wp-content\/uploads\/2024\/01\/Image-4.jpeg\" alt=\"\" class=\"wp-image-668\" srcset=\"https:\/\/lukasinski.dg.pl\/wp-content\/uploads\/2024\/01\/Image-4.jpeg 768w, https:\/\/lukasinski.dg.pl\/wp-content\/uploads\/2024\/01\/Image-4-225x300.jpeg 225w\" sizes=\"auto, (max-width: 768px) 100vw, 768px\" \/><\/figure>\n\n\n\n<figure class=\"wp-block-image size-large\"><img loading=\"lazy\" decoding=\"async\" width=\"1024\" height=\"768\" data-id=\"671\" src=\"https:\/\/lukasinski.dg.pl\/wp-content\/uploads\/2024\/01\/Image-3.jpeg\" alt=\"\" class=\"wp-image-671\" srcset=\"https:\/\/lukasinski.dg.pl\/wp-content\/uploads\/2024\/01\/Image-3.jpeg 1024w, https:\/\/lukasinski.dg.pl\/wp-content\/uploads\/2024\/01\/Image-3-300x225.jpeg 300w, https:\/\/lukasinski.dg.pl\/wp-content\/uploads\/2024\/01\/Image-3-768x576.jpeg 768w\" sizes=\"auto, (max-width: 1024px) 100vw, 1024px\" \/><\/figure>\n\n\n\n<figure class=\"wp-block-image size-large\"><img loading=\"lazy\" decoding=\"async\" width=\"768\" height=\"1024\" data-id=\"669\" src=\"https:\/\/lukasinski.dg.pl\/wp-content\/uploads\/2024\/01\/Image-2.jpeg\" alt=\"\" class=\"wp-image-669\" srcset=\"https:\/\/lukasinski.dg.pl\/wp-content\/uploads\/2024\/01\/Image-2.jpeg 768w, https:\/\/lukasinski.dg.pl\/wp-content\/uploads\/2024\/01\/Image-2-225x300.jpeg 225w\" sizes=\"auto, (max-width: 768px) 100vw, 768px\" \/><\/figure>\n\n\n\n<figure class=\"wp-block-image size-large\"><img loading=\"lazy\" decoding=\"async\" width=\"768\" height=\"1024\" data-id=\"670\" src=\"https:\/\/lukasinski.dg.pl\/wp-content\/uploads\/2024\/01\/Image-1.jpeg\" alt=\"\" class=\"wp-image-670\" srcset=\"https:\/\/lukasinski.dg.pl\/wp-content\/uploads\/2024\/01\/Image-1.jpeg 768w, https:\/\/lukasinski.dg.pl\/wp-content\/uploads\/2024\/01\/Image-1-225x300.jpeg 225w\" sizes=\"auto, (max-width: 768px) 100vw, 768px\" \/><\/figure>\n\n\n\n<figure class=\"wp-block-image size-large\"><img loading=\"lazy\" decoding=\"async\" width=\"768\" height=\"1024\" data-id=\"672\" src=\"https:\/\/lukasinski.dg.pl\/wp-content\/uploads\/2024\/01\/Image.jpeg\" alt=\"\" class=\"wp-image-672\" srcset=\"https:\/\/lukasinski.dg.pl\/wp-content\/uploads\/2024\/01\/Image.jpeg 768w, https:\/\/lukasinski.dg.pl\/wp-content\/uploads\/2024\/01\/Image-225x300.jpeg 225w\" sizes=\"auto, (max-width: 768px) 100vw, 768px\" \/><\/figure>\n<\/figure>\n","protected":false},"excerpt":{"rendered":"<p>Klasa 1 d bra\u0142a udzia\u0142 w zaj\u0119ciach zorganizowanych przez Bibliotek\u0119 Pedagogiczn\u0105 w B\u0119dzinie na temat \u017byd\u00f3w zag\u0142\u0119biowskich. Poznali\u015bmy histori\u0119 narodu \u017cydowskiego na ziemiach Zag\u0142\u0119bia D\u0105browskiego.&hellip;<\/p>\n","protected":false},"author":1,"featured_media":671,"comment_status":"closed","ping_status":"closed","sticky":false,"template":"","format":"standard","meta":{"footnotes":""},"categories":[1],"tags":[],"class_list":["post-667","post","type-post","status-publish","format-standard","has-post-thumbnail","hentry","category-bez-kategorii"],"_links":{"self":[{"href":"https:\/\/lukasinski.dg.pl\/index.php?rest_route=\/wp\/v2\/posts\/667","targetHints":{"allow":["GET"]}}],"collection":[{"href":"https:\/\/lukasinski.dg.pl\/index.php?rest_route=\/wp\/v2\/posts"}],"about":[{"href":"https:\/\/lukasinski.dg.pl\/index.php?rest_route=\/wp\/v2\/types\/post"}],"author":[{"embeddable":true,"href":"https:\/\/lukasinski.dg.pl\/index.php?rest_route=\/wp\/v2\/users\/1"}],"replies":[{"embeddable":true,"href":"https:\/\/lukasinski.dg.pl\/index.php?rest_route=%2Fwp%2Fv2%2Fcomments&post=667"}],"version-history":[{"count":1,"href":"https:\/\/lukasinski.dg.pl\/index.php?rest_route=\/wp\/v2\/posts\/667\/revisions"}],"predecessor-version":[{"id":673,"href":"https:\/\/lukasinski.dg.pl\/index.php?rest_route=\/wp\/v2\/posts\/667\/revisions\/673"}],"wp:featuredmedia":[{"embeddable":true,"href":"https:\/\/lukasinski.dg.pl\/index.php?rest_route=\/wp\/v2\/media\/671"}],"wp:attachment":[{"href":"https:\/\/lukasinski.dg.pl\/index.php?rest_route=%2Fwp%2Fv2%2Fmedia&parent=667"}],"wp:term":[{"taxonomy":"category","embeddable":true,"href":"https:\/\/lukasinski.dg.pl\/index.php?rest_route=%2Fwp%2Fv2%2Fcategories&post=667"},{"taxonomy":"post_tag","embeddable":true,"href":"https:\/\/lukasinski.dg.pl\/index.php?rest_route=%2Fwp%2Fv2%2Ftags&post=667"}],"curies":[{"name":"wp","href":"https:\/\/api.w.org\/{rel}","templated":true}]}}