{"id":696,"date":"2024-02-12T08:44:19","date_gmt":"2024-02-12T07:44:19","guid":{"rendered":"https:\/\/lukasinski.dg.pl\/?p=696"},"modified":"2024-02-12T08:45:12","modified_gmt":"2024-02-12T07:45:12","slug":"szkolne-kolo-teatralne-adamantem-oraz-palac-kultury-zaglebia-zapraszaja-na-spektakl-pt-faust-opowiesc-o-czlowieku-szukajacym-szczescia","status":"publish","type":"post","link":"https:\/\/lukasinski.dg.pl\/?p=696","title":{"rendered":"Szkolne Ko\u0142o Teatralne ADAMANTEM oraz Pa\u0142ac Kultury Zag\u0142\u0119bia zapraszaj\u0105 na spektakl pt. &#8222;Faust \u2013 opowie\u015b\u0107 o\u00a0cz\u0142owieku szukaj\u0105cym szcz\u0119\u015bcia&#8221;\u00a0"},"content":{"rendered":"\n<p><strong>Szkolne Ko\u0142o Teatralne ADAMANTEM<\/strong> oraz <strong>Pa\u0142ac Kultury Zag\u0142\u0119bia <\/strong>zapraszaj\u0105 na spektakl pt. &#8222;<strong>Faust \u2013 opowie\u015b\u0107 o&nbsp;cz\u0142owieku szukaj\u0105cym szcz\u0119\u015bcia&#8221;&nbsp;<\/strong><br><strong>5 kwietnia, godzina 18.00<\/strong> &nbsp;Sala Teatralna Pa\u0142acu Kultury Zag\u0142\u0119bia.<\/p>\n\n\n\n<p>Wej\u015bci\u00f3wki wkr\u00f3tce dost\u0119pne w Pa\u0142acu Kultury Zag\u0142\u0119bia.<\/p>\n\n\n\n<p>Tym razem Szkolne Ko\u0142o Teatralne Adamantem si\u0119ga po s\u0142ynny dramat romantyczny&nbsp;pt. \u201eFaust\u201d Johanna Wolfganga Goethego \u2013 najwybitniejszego przedstawiciela literatury okresu \u201eburzy i naporu\u201d (wczesny romantyzm niemiecki). G\u0142\u00f3wnym bohaterem spektaklu jest na wp\u00f3\u0142 legendarny mag, alchemik i filozof, a tematem \u2013 nieustanne zmaganie si\u0119 m\u0119drca ze \u201esko\u0144czono\u015bci\u0105\u201d.<\/p>\n\n\n\n<p>Punktem wyj\u015bcia jest niezadowolenie&nbsp;cz\u0142owieka-geniusza ze znikomych w\u0142asnych mo\u017cliwo\u015bci. Im wy\u017cej wznosi si\u0119 duch m\u0119drca, tym silniej odczuwa swe ograniczenia. Cel, do kt\u00f3rego zmierza, to wewn\u0119trzne zadowolenie, pogodzenie z \u017cyciem. Faust d\u0105\u017cy do poznania wszech\u015bwiata. Zadowolenie to jednak musi by\u0107 trwa\u0142e, nie mo\u017ce rodzi\u0107 nowych pragnie\u0144, musi mie\u0107 w sobie co\u015b z niesko\u0144czono\u015bci. W scenie paktu z Mefistofelesem tytu\u0142owy bohater okre\u015bla je formu\u0142\u0105: \u201eChwilo trwaj, taka\u015b pi\u0119kna\u201d. Bohaterowie podejmuj\u0105 podr\u00f3\u017c poprzez czas i przestrze\u0144. Wydarzenia w piwnicy Auerbacha, w kuchni czarownic, mi\u0142o\u015b\u0107 do Ma\u0142gorzaty i noc Walpurgii \u2013 to pr\u00f3by zadowolenia Fausta przez Mefistofelesa. Rodzaj przej\u015bcia do&nbsp;cz\u0119\u015bci drugiej spektaklu stanowi odm\u0142odzenie Fausta przez czarownice.&nbsp;<\/p>\n\n\n\n<p>Czy bohaterowi uda si\u0119 osi\u0105gn\u0105\u0107 szcz\u0119\u015bcie?<\/p>\n\n\n\n<p>Podczas pierwszych sekwencji przedstawienia mo\u017cna odnie\u015b\u0107 wra\u017cenie, \u017ce jest to spektakl jednego aktora, ale swoj\u0105 kulminacj\u0119 odnajduje on w centralnych scenach zbiorowych i uk\u0142adach choreograficznych. Cho\u0107 kostiumy i scenografia przenosz\u0105 widza w realia dawne, to tw\u00f3rcy uniwersalizuj\u0105 przedstawion\u0105 histori\u0119 w taki spos\u00f3b, \u017ce widzowie mog\u0105 odnale\u017a\u0107 w niej samych siebie.&nbsp;<\/p>\n\n\n\n<p><strong>Spektakl powsta\u0142 w celach edukacyjnych.<\/strong><\/p>\n\n\n\n<p>\u201eFaust\u201d Johanna Wolfganga Goethego<br><strong>T\u0142umaczenie: <\/strong>Andrzej Lam\u00a0\u00a0<br><strong>Scenariusz i re\u017cyseria:<\/strong> Ewa Pawik<br><strong>Muzyka: <\/strong>BossMusic \u0141om\u017ca, Zbigniew Lema\u0144ski, Amelia Lema\u0144ska\u00a0<br><strong>Obsada <\/strong>\u2013 Szkolne Ko\u0142o Teatralne Adamantem: Kacper Adamczyk, Wiktor Domaga\u0142a, Szymon Szkoda, Patrycja Wojciechowska,\u00a0Maciej Ba\u0142a, Magdalena Braksator, Hanna Bojanowska, Julia Dobosz, Ma\u0142gorzata Dryjska, Nadia Garbuli\u0144ska, Klaudia Kaleta, Kinga Kalinowska, Filip Ka\u0144toch, Agata Ko\u0142odziejczyk, Alicja Kowina, Milena Krajniewska, Katarzyna Maj, Kinga Majewska, Maja Mielczarska, Milena Pa\u0142ka, Maria Pluta, Gabriela R\u00f3wnicka, Karolina Side\u0142ko, Michalina Widera, Lena Wi\u015bniewska, Wiktoria Wojtan, Julia Zad\u0119cka\u00a0<br><strong>Realizacja d\u017awi\u0119ku<\/strong>: Julia Paluch (SKT Adamantem)\u00a0<\/p>\n\n\n\n<figure class=\"wp-block-image size-large\"><img loading=\"lazy\" decoding=\"async\" width=\"724\" height=\"1024\" src=\"https:\/\/lukasinski.dg.pl\/wp-content\/uploads\/2024\/02\/1-Plakat-Faust-1-724x1024.jpg\" alt=\"\" class=\"wp-image-697\" srcset=\"https:\/\/lukasinski.dg.pl\/wp-content\/uploads\/2024\/02\/1-Plakat-Faust-1-724x1024.jpg 724w, https:\/\/lukasinski.dg.pl\/wp-content\/uploads\/2024\/02\/1-Plakat-Faust-1-212x300.jpg 212w, https:\/\/lukasinski.dg.pl\/wp-content\/uploads\/2024\/02\/1-Plakat-Faust-1-768x1086.jpg 768w, https:\/\/lukasinski.dg.pl\/wp-content\/uploads\/2024\/02\/1-Plakat-Faust-1-1086x1536.jpg 1086w, https:\/\/lukasinski.dg.pl\/wp-content\/uploads\/2024\/02\/1-Plakat-Faust-1-1448x2048.jpg 1448w, https:\/\/lukasinski.dg.pl\/wp-content\/uploads\/2024\/02\/1-Plakat-Faust-1-scaled.jpg 1810w\" sizes=\"auto, (max-width: 724px) 100vw, 724px\" \/><\/figure>\n","protected":false},"excerpt":{"rendered":"<p>Szkolne Ko\u0142o Teatralne ADAMANTEM oraz Pa\u0142ac Kultury Zag\u0142\u0119bia zapraszaj\u0105 na spektakl pt. &#8222;Faust \u2013 opowie\u015b\u0107 o&nbsp;cz\u0142owieku szukaj\u0105cym szcz\u0119\u015bcia&#8221;&nbsp;5 kwietnia, godzina 18.00 &nbsp;Sala Teatralna Pa\u0142acu Kultury&hellip;<\/p>\n","protected":false},"author":1,"featured_media":697,"comment_status":"closed","ping_status":"closed","sticky":false,"template":"","format":"standard","meta":{"footnotes":""},"categories":[1],"tags":[],"class_list":["post-696","post","type-post","status-publish","format-standard","has-post-thumbnail","hentry","category-bez-kategorii"],"_links":{"self":[{"href":"https:\/\/lukasinski.dg.pl\/index.php?rest_route=\/wp\/v2\/posts\/696","targetHints":{"allow":["GET"]}}],"collection":[{"href":"https:\/\/lukasinski.dg.pl\/index.php?rest_route=\/wp\/v2\/posts"}],"about":[{"href":"https:\/\/lukasinski.dg.pl\/index.php?rest_route=\/wp\/v2\/types\/post"}],"author":[{"embeddable":true,"href":"https:\/\/lukasinski.dg.pl\/index.php?rest_route=\/wp\/v2\/users\/1"}],"replies":[{"embeddable":true,"href":"https:\/\/lukasinski.dg.pl\/index.php?rest_route=%2Fwp%2Fv2%2Fcomments&post=696"}],"version-history":[{"count":1,"href":"https:\/\/lukasinski.dg.pl\/index.php?rest_route=\/wp\/v2\/posts\/696\/revisions"}],"predecessor-version":[{"id":698,"href":"https:\/\/lukasinski.dg.pl\/index.php?rest_route=\/wp\/v2\/posts\/696\/revisions\/698"}],"wp:featuredmedia":[{"embeddable":true,"href":"https:\/\/lukasinski.dg.pl\/index.php?rest_route=\/wp\/v2\/media\/697"}],"wp:attachment":[{"href":"https:\/\/lukasinski.dg.pl\/index.php?rest_route=%2Fwp%2Fv2%2Fmedia&parent=696"}],"wp:term":[{"taxonomy":"category","embeddable":true,"href":"https:\/\/lukasinski.dg.pl\/index.php?rest_route=%2Fwp%2Fv2%2Fcategories&post=696"},{"taxonomy":"post_tag","embeddable":true,"href":"https:\/\/lukasinski.dg.pl\/index.php?rest_route=%2Fwp%2Fv2%2Ftags&post=696"}],"curies":[{"name":"wp","href":"https:\/\/api.w.org\/{rel}","templated":true}]}}