{"id":699,"date":"2024-02-12T08:58:02","date_gmt":"2024-02-12T07:58:02","guid":{"rendered":"https:\/\/lukasinski.dg.pl\/?p=699"},"modified":"2024-02-12T08:58:03","modified_gmt":"2024-02-12T07:58:03","slug":"nasi-uczniowie-w-finale-ogolnopolskiego-konkursu-o-zloty-indeks-politechniki-slaskiej-w-dziedzinie-fizyki","status":"publish","type":"post","link":"https:\/\/lukasinski.dg.pl\/?p=699","title":{"rendered":"Nasi uczniowie w finale\u00a0 Og\u00f3lnopolskiego Konkursu \u201eO Z\u0142oty Indeks Politechniki \u015al\u0105skiej\u201d w dziedzinie Fizyki"},"content":{"rendered":"\n<p><strong>Nasi uczniowie w finale\u00a0 Og\u00f3lnopolskiego Konkursu \u201eO Z\u0142oty Indeks Politechniki \u015al\u0105skiej\u201d w dziedzinie Fizyki<\/strong><\/p>\n\n\n\n<p>Mi\u0142o nam poinformowa\u0107, \u017ce do fina\u0142u&nbsp;<strong>Og\u00f3lnopolskiego Konkursu \u201eO Z\u0142oty Indeks Politechniki&nbsp; \u015al\u0105skiej\u201d w dziedzinie fizyki<\/strong>&nbsp;zakwalifikowali si\u0119 nast\u0119puj\u0105cy uczniowie zajmuj\u0105c kolejno 1, 2 i 4 miejsce w pierwszej dziesi\u0105tce finalist\u00f3w :<\/p>\n\n\n\n<p><strong>-Szymon Kustosz,<\/strong><\/p>\n\n\n\n<p><strong>-Jakub Szaleniec<\/strong><\/p>\n\n\n\n<p><strong>-Oskar Michalec.<\/strong><\/p>\n\n\n\n<p>Gratulujemy i trzymamy kciuki za sukcesy w etapie fina\u0142owym!<\/p>\n","protected":false},"excerpt":{"rendered":"<p>Nasi uczniowie w finale\u00a0 Og\u00f3lnopolskiego Konkursu \u201eO Z\u0142oty Indeks Politechniki \u015al\u0105skiej\u201d w dziedzinie Fizyki Mi\u0142o nam poinformowa\u0107, \u017ce do fina\u0142u&nbsp;Og\u00f3lnopolskiego Konkursu \u201eO Z\u0142oty Indeks Politechniki&nbsp;&hellip;<\/p>\n","protected":false},"author":1,"featured_media":700,"comment_status":"closed","ping_status":"closed","sticky":false,"template":"","format":"standard","meta":{"footnotes":""},"categories":[1],"tags":[],"class_list":["post-699","post","type-post","status-publish","format-standard","has-post-thumbnail","hentry","category-bez-kategorii"],"_links":{"self":[{"href":"https:\/\/lukasinski.dg.pl\/index.php?rest_route=\/wp\/v2\/posts\/699","targetHints":{"allow":["GET"]}}],"collection":[{"href":"https:\/\/lukasinski.dg.pl\/index.php?rest_route=\/wp\/v2\/posts"}],"about":[{"href":"https:\/\/lukasinski.dg.pl\/index.php?rest_route=\/wp\/v2\/types\/post"}],"author":[{"embeddable":true,"href":"https:\/\/lukasinski.dg.pl\/index.php?rest_route=\/wp\/v2\/users\/1"}],"replies":[{"embeddable":true,"href":"https:\/\/lukasinski.dg.pl\/index.php?rest_route=%2Fwp%2Fv2%2Fcomments&post=699"}],"version-history":[{"count":1,"href":"https:\/\/lukasinski.dg.pl\/index.php?rest_route=\/wp\/v2\/posts\/699\/revisions"}],"predecessor-version":[{"id":701,"href":"https:\/\/lukasinski.dg.pl\/index.php?rest_route=\/wp\/v2\/posts\/699\/revisions\/701"}],"wp:featuredmedia":[{"embeddable":true,"href":"https:\/\/lukasinski.dg.pl\/index.php?rest_route=\/wp\/v2\/media\/700"}],"wp:attachment":[{"href":"https:\/\/lukasinski.dg.pl\/index.php?rest_route=%2Fwp%2Fv2%2Fmedia&parent=699"}],"wp:term":[{"taxonomy":"category","embeddable":true,"href":"https:\/\/lukasinski.dg.pl\/index.php?rest_route=%2Fwp%2Fv2%2Fcategories&post=699"},{"taxonomy":"post_tag","embeddable":true,"href":"https:\/\/lukasinski.dg.pl\/index.php?rest_route=%2Fwp%2Fv2%2Ftags&post=699"}],"curies":[{"name":"wp","href":"https:\/\/api.w.org\/{rel}","templated":true}]}}