{"id":762,"date":"2024-03-06T12:50:08","date_gmt":"2024-03-06T11:50:08","guid":{"rendered":"https:\/\/lukasinski.dg.pl\/?p=762"},"modified":"2024-03-06T12:50:09","modified_gmt":"2024-03-06T11:50:09","slug":"szkolne-kolo-teatralne-adamantem-oraz-palac-kultury-zaglebia-zapraszaja-na-spektakl-pt-faust-opowiesc-o-czlowieku-szukajacym-szczescia-2","status":"publish","type":"post","link":"https:\/\/lukasinski.dg.pl\/?p=762","title":{"rendered":"Szkolne Ko\u0142o Teatralne Adamantem oraz Pa\u0142ac Kultury Zag\u0142\u0119bia zapraszaj\u0105 na spektakl pt.\u00a0\u201eFaust \u2013 opowie\u015b\u0107 o cz\u0142owieku szukaj\u0105cym szcz\u0119\u015bcia\u201d"},"content":{"rendered":"\n<p><strong>Szkolne Ko\u0142o Teatralne Adamantem oraz Pa\u0142ac Kultury Zag\u0142\u0119bia zapraszaj\u0105 na spektakl pt.\u00a0\u201eFaust \u2013 opowie\u015b\u0107 o cz\u0142owieku szukaj\u0105cym szcz\u0119\u015bcia\u201d<\/strong><br><strong>na motywach dramatu Johanna Wolfganga Goethego.<\/strong><br><strong>Inscenizacja odb\u0119dzie si\u0119 w dniu 5 kwietnia 2024 r. o godz. 18.00\u00a0<\/strong><br><strong>w Sali Teatralnej Pa\u0142acu Kultury Zag\u0142\u0119bia.\u00a0<\/strong><br>Szczeg\u00f3\u0142y na stronie PKZ:<br><a href=\"https:\/\/palac.art.pl\/pl\/wydarzenie\/faust-spektakl-szkolnego-kola-teatralnego-adamantem\" target=\"_blank\" rel=\"noreferrer noopener\">https:\/\/palac.art.pl\/pl\/wydarzenie\/faust-spektakl-szkolnego-kola-teatralnego-adamantem<\/a>\u00a0<br>Spektakl powsta\u0142 w celach edukacyjnych.<\/p>\n","protected":false},"excerpt":{"rendered":"<p>Szkolne Ko\u0142o Teatralne Adamantem oraz Pa\u0142ac Kultury Zag\u0142\u0119bia zapraszaj\u0105 na spektakl pt.\u00a0\u201eFaust \u2013 opowie\u015b\u0107 o cz\u0142owieku szukaj\u0105cym szcz\u0119\u015bcia\u201dna motywach dramatu Johanna Wolfganga Goethego.Inscenizacja odb\u0119dzie si\u0119&hellip;<\/p>\n","protected":false},"author":1,"featured_media":763,"comment_status":"closed","ping_status":"closed","sticky":false,"template":"","format":"standard","meta":{"footnotes":""},"categories":[1],"tags":[],"class_list":["post-762","post","type-post","status-publish","format-standard","has-post-thumbnail","hentry","category-bez-kategorii"],"_links":{"self":[{"href":"https:\/\/lukasinski.dg.pl\/index.php?rest_route=\/wp\/v2\/posts\/762","targetHints":{"allow":["GET"]}}],"collection":[{"href":"https:\/\/lukasinski.dg.pl\/index.php?rest_route=\/wp\/v2\/posts"}],"about":[{"href":"https:\/\/lukasinski.dg.pl\/index.php?rest_route=\/wp\/v2\/types\/post"}],"author":[{"embeddable":true,"href":"https:\/\/lukasinski.dg.pl\/index.php?rest_route=\/wp\/v2\/users\/1"}],"replies":[{"embeddable":true,"href":"https:\/\/lukasinski.dg.pl\/index.php?rest_route=%2Fwp%2Fv2%2Fcomments&post=762"}],"version-history":[{"count":1,"href":"https:\/\/lukasinski.dg.pl\/index.php?rest_route=\/wp\/v2\/posts\/762\/revisions"}],"predecessor-version":[{"id":764,"href":"https:\/\/lukasinski.dg.pl\/index.php?rest_route=\/wp\/v2\/posts\/762\/revisions\/764"}],"wp:featuredmedia":[{"embeddable":true,"href":"https:\/\/lukasinski.dg.pl\/index.php?rest_route=\/wp\/v2\/media\/763"}],"wp:attachment":[{"href":"https:\/\/lukasinski.dg.pl\/index.php?rest_route=%2Fwp%2Fv2%2Fmedia&parent=762"}],"wp:term":[{"taxonomy":"category","embeddable":true,"href":"https:\/\/lukasinski.dg.pl\/index.php?rest_route=%2Fwp%2Fv2%2Fcategories&post=762"},{"taxonomy":"post_tag","embeddable":true,"href":"https:\/\/lukasinski.dg.pl\/index.php?rest_route=%2Fwp%2Fv2%2Ftags&post=762"}],"curies":[{"name":"wp","href":"https:\/\/api.w.org\/{rel}","templated":true}]}}