{"id":770,"date":"2024-03-12T08:40:05","date_gmt":"2024-03-12T07:40:05","guid":{"rendered":"https:\/\/lukasinski.dg.pl\/?p=770"},"modified":"2024-03-12T08:40:05","modified_gmt":"2024-03-12T07:40:05","slug":"czucie-i-wiara-czy-szkielko-i-oko","status":"publish","type":"post","link":"https:\/\/lukasinski.dg.pl\/?p=770","title":{"rendered":"Czucie i wiara czy szkie\u0142ko i oko?"},"content":{"rendered":"\n<p><br>\u0141ukasiak zn\u00f3w w teatrze! 11 marca 2024 r. klasy 2e i 3e obejrza\u0142y spektakl \u201eBallady i romanse\u201d w Teatrze Dzieci Zag\u0142\u0119bia im. Jana Dormana w B\u0119dzinie. Tw\u00f3rcy przedstawienia opowiedzieli historie, kt\u00f3re wywo\u0142a\u0142y sensacj\u0119 ok. 1822 roku, ale ta sceniczna realizacja wcale nie by\u0142a archaiczna ani nacechowana ludowo\u015bci\u0105. Do Mickiewiczowskiego repertuaru powiew \u015bwie\u017co\u015bci wnios\u0142y: nowoczesna choreografia, wsp\u00f3\u0142czesna muzyka (b\u0119d\u0105ca spoiwem pomi\u0119dzy poszczeg\u00f3lnymi utworami) oraz sugestywna (industrialna i upiorna) scenografia.\u00a0<\/p>\n\n\n\n<figure class=\"wp-block-gallery has-nested-images columns-default is-cropped wp-block-gallery-1 is-layout-flex wp-block-gallery-is-layout-flex\">\n<figure class=\"wp-block-image size-large\"><img loading=\"lazy\" decoding=\"async\" width=\"1024\" height=\"682\" data-id=\"771\" src=\"https:\/\/lukasinski.dg.pl\/wp-content\/uploads\/2024\/03\/dsc03523_optimized-scaled-2-1024x682.jpg\" alt=\"\" class=\"wp-image-771\" srcset=\"https:\/\/lukasinski.dg.pl\/wp-content\/uploads\/2024\/03\/dsc03523_optimized-scaled-2-1024x682.jpg 1024w, https:\/\/lukasinski.dg.pl\/wp-content\/uploads\/2024\/03\/dsc03523_optimized-scaled-2-300x200.jpg 300w, https:\/\/lukasinski.dg.pl\/wp-content\/uploads\/2024\/03\/dsc03523_optimized-scaled-2-768x512.jpg 768w, https:\/\/lukasinski.dg.pl\/wp-content\/uploads\/2024\/03\/dsc03523_optimized-scaled-2-1536x1024.jpg 1536w, https:\/\/lukasinski.dg.pl\/wp-content\/uploads\/2024\/03\/dsc03523_optimized-scaled-2-2048x1365.jpg 2048w\" sizes=\"auto, (max-width: 1024px) 100vw, 1024px\" \/><\/figure>\n\n\n\n<figure class=\"wp-block-image size-large\"><img loading=\"lazy\" decoding=\"async\" width=\"682\" height=\"1024\" data-id=\"772\" src=\"https:\/\/lukasinski.dg.pl\/wp-content\/uploads\/2024\/03\/dsc03475_optimized-scaled-2-682x1024.jpg\" alt=\"\" class=\"wp-image-772\" srcset=\"https:\/\/lukasinski.dg.pl\/wp-content\/uploads\/2024\/03\/dsc03475_optimized-scaled-2-682x1024.jpg 682w, https:\/\/lukasinski.dg.pl\/wp-content\/uploads\/2024\/03\/dsc03475_optimized-scaled-2-200x300.jpg 200w, https:\/\/lukasinski.dg.pl\/wp-content\/uploads\/2024\/03\/dsc03475_optimized-scaled-2-768x1152.jpg 768w, https:\/\/lukasinski.dg.pl\/wp-content\/uploads\/2024\/03\/dsc03475_optimized-scaled-2-1024x1536.jpg 1024w, https:\/\/lukasinski.dg.pl\/wp-content\/uploads\/2024\/03\/dsc03475_optimized-scaled-2-1365x2048.jpg 1365w, https:\/\/lukasinski.dg.pl\/wp-content\/uploads\/2024\/03\/dsc03475_optimized-scaled-2.jpg 1706w\" sizes=\"auto, (max-width: 682px) 100vw, 682px\" \/><\/figure>\n<\/figure>\n","protected":false},"excerpt":{"rendered":"<p>\u0141ukasiak zn\u00f3w w teatrze! 11 marca 2024 r. klasy 2e i 3e obejrza\u0142y spektakl \u201eBallady i romanse\u201d w Teatrze Dzieci Zag\u0142\u0119bia im. Jana Dormana w&hellip;<\/p>\n","protected":false},"author":1,"featured_media":772,"comment_status":"closed","ping_status":"closed","sticky":false,"template":"","format":"standard","meta":{"footnotes":""},"categories":[1],"tags":[],"class_list":["post-770","post","type-post","status-publish","format-standard","has-post-thumbnail","hentry","category-bez-kategorii"],"_links":{"self":[{"href":"https:\/\/lukasinski.dg.pl\/index.php?rest_route=\/wp\/v2\/posts\/770","targetHints":{"allow":["GET"]}}],"collection":[{"href":"https:\/\/lukasinski.dg.pl\/index.php?rest_route=\/wp\/v2\/posts"}],"about":[{"href":"https:\/\/lukasinski.dg.pl\/index.php?rest_route=\/wp\/v2\/types\/post"}],"author":[{"embeddable":true,"href":"https:\/\/lukasinski.dg.pl\/index.php?rest_route=\/wp\/v2\/users\/1"}],"replies":[{"embeddable":true,"href":"https:\/\/lukasinski.dg.pl\/index.php?rest_route=%2Fwp%2Fv2%2Fcomments&post=770"}],"version-history":[{"count":1,"href":"https:\/\/lukasinski.dg.pl\/index.php?rest_route=\/wp\/v2\/posts\/770\/revisions"}],"predecessor-version":[{"id":773,"href":"https:\/\/lukasinski.dg.pl\/index.php?rest_route=\/wp\/v2\/posts\/770\/revisions\/773"}],"wp:featuredmedia":[{"embeddable":true,"href":"https:\/\/lukasinski.dg.pl\/index.php?rest_route=\/wp\/v2\/media\/772"}],"wp:attachment":[{"href":"https:\/\/lukasinski.dg.pl\/index.php?rest_route=%2Fwp%2Fv2%2Fmedia&parent=770"}],"wp:term":[{"taxonomy":"category","embeddable":true,"href":"https:\/\/lukasinski.dg.pl\/index.php?rest_route=%2Fwp%2Fv2%2Fcategories&post=770"},{"taxonomy":"post_tag","embeddable":true,"href":"https:\/\/lukasinski.dg.pl\/index.php?rest_route=%2Fwp%2Fv2%2Ftags&post=770"}],"curies":[{"name":"wp","href":"https:\/\/api.w.org\/{rel}","templated":true}]}}