{"id":774,"date":"2024-03-13T10:03:50","date_gmt":"2024-03-13T09:03:50","guid":{"rendered":"https:\/\/lukasinski.dg.pl\/?p=774"},"modified":"2024-03-13T10:03:50","modified_gmt":"2024-03-13T09:03:50","slug":"swiatowy-dzien-poezji","status":"publish","type":"post","link":"https:\/\/lukasinski.dg.pl\/?p=774","title":{"rendered":"\u015aWIATOWY DZIE\u0143 POEZJI"},"content":{"rendered":"\n<p class=\"has-text-align-center\"><strong><em>Nie wiem, co to poezja,<br>nie wiem, po co i na co,<br>wiem, \u017ce czasami ludzie<br>czytaj\u0105 wiersze i p\u0142acz\u0105,<br>a potem sami pisz\u0105,<br>mozolnie i nieudolnie,<br>by od d\u0142awi\u0105cej ciszy<br>\u0142kaj\u0105ce serce uwolni\u0107.<br><\/em>\u00a0\u00a0\u00a0\u00a0\u00a0\u00a0\u00a0\u00a0\u00a0\u00a0\u00a0\u00a0\u00a0\u00a0\u00a0\u00a0\u00a0\u00a0\u00a0\u00a0\u00a0\u00a0\u00a0\u00a0\u00a0\u00a0\u00a0\u00a0\u00a0\u00a0\u00a0\u00a0\u00a0\u00a0\u00a0\u00a0\u00a0\u00a0\u00a0\u00a0\u00a0\u00a0\u00a0\u00a0\u00a0 \u00a0W\u0142adys\u0142aw Broniewski<\/strong><\/p>\n\n\n\n<p><strong>\u015awiatowy Dzie\u0144 Poezji, ustanowiony przez UNESCO w 1999 roku, obchodzony jest corocznie 21 marca. G\u0142\u00f3wne uroczysto\u015bci odbywaj\u0105 si\u0119 w Pary\u017cu, a ich celem jest promocja czytania, pisania, publikowania i nauczania poezji na ca\u0142ym \u015bwiecie. UNESCO zadeklarowa\u0142o, \u017ce ten dzie\u0144 ma \u201eda\u0107 nowy impuls, aby doceni\u0107 poezj\u0119 oraz poprze\u0107 krajowe, regionalne i mi\u0119dzynarodowe ruchy poetyckie\u201d.<\/strong><\/p>\n\n\n\n<p><strong>W ramach obchod\u00f3w \u015awiatowego Dnia Poezji zapraszamy m\u0142odzie\u017c naszego liceum do rozwi\u0105zania poetyckiej karty pracy dost\u0119pnej w bibliotece szkolnej.<\/strong><\/p>\n","protected":false},"excerpt":{"rendered":"<p>Nie wiem, co to poezja,nie wiem, po co i na co,wiem, \u017ce czasami ludzieczytaj\u0105 wiersze i p\u0142acz\u0105,a potem sami pisz\u0105,mozolnie i nieudolnie,by od d\u0142awi\u0105cej ciszy\u0142kaj\u0105ce&hellip;<\/p>\n","protected":false},"author":1,"featured_media":775,"comment_status":"closed","ping_status":"closed","sticky":false,"template":"","format":"standard","meta":{"footnotes":""},"categories":[1],"tags":[],"class_list":["post-774","post","type-post","status-publish","format-standard","has-post-thumbnail","hentry","category-bez-kategorii"],"_links":{"self":[{"href":"https:\/\/lukasinski.dg.pl\/index.php?rest_route=\/wp\/v2\/posts\/774","targetHints":{"allow":["GET"]}}],"collection":[{"href":"https:\/\/lukasinski.dg.pl\/index.php?rest_route=\/wp\/v2\/posts"}],"about":[{"href":"https:\/\/lukasinski.dg.pl\/index.php?rest_route=\/wp\/v2\/types\/post"}],"author":[{"embeddable":true,"href":"https:\/\/lukasinski.dg.pl\/index.php?rest_route=\/wp\/v2\/users\/1"}],"replies":[{"embeddable":true,"href":"https:\/\/lukasinski.dg.pl\/index.php?rest_route=%2Fwp%2Fv2%2Fcomments&post=774"}],"version-history":[{"count":1,"href":"https:\/\/lukasinski.dg.pl\/index.php?rest_route=\/wp\/v2\/posts\/774\/revisions"}],"predecessor-version":[{"id":776,"href":"https:\/\/lukasinski.dg.pl\/index.php?rest_route=\/wp\/v2\/posts\/774\/revisions\/776"}],"wp:featuredmedia":[{"embeddable":true,"href":"https:\/\/lukasinski.dg.pl\/index.php?rest_route=\/wp\/v2\/media\/775"}],"wp:attachment":[{"href":"https:\/\/lukasinski.dg.pl\/index.php?rest_route=%2Fwp%2Fv2%2Fmedia&parent=774"}],"wp:term":[{"taxonomy":"category","embeddable":true,"href":"https:\/\/lukasinski.dg.pl\/index.php?rest_route=%2Fwp%2Fv2%2Fcategories&post=774"},{"taxonomy":"post_tag","embeddable":true,"href":"https:\/\/lukasinski.dg.pl\/index.php?rest_route=%2Fwp%2Fv2%2Ftags&post=774"}],"curies":[{"name":"wp","href":"https:\/\/api.w.org\/{rel}","templated":true}]}}