{"id":795,"date":"2024-03-20T13:59:48","date_gmt":"2024-03-20T12:59:48","guid":{"rendered":"https:\/\/lukasinski.dg.pl\/?p=795"},"modified":"2024-03-20T13:59:49","modified_gmt":"2024-03-20T12:59:49","slug":"w-srode-20-03-czesc-klasy-1d-i-2f-oraz-jeden-maturzysta-odwiedzili-dom-pamieci-zydow-gornoslaskich-w-gliwicach","status":"publish","type":"post","link":"https:\/\/lukasinski.dg.pl\/?p=795","title":{"rendered":"W \u015brod\u0119 20.03 cz\u0119\u015b\u0107 klasy 1d i 2f oraz jeden maturzysta odwiedzili Dom Pami\u0119ci \u017byd\u00f3w G\u00f3rno\u015bl\u0105skich w Gliwicach"},"content":{"rendered":"\n<p>W \u015brod\u0119 20.03 cz\u0119\u015b\u0107 klasy 1d i 2f oraz jeden maturzysta odwiedzili Dom Pami\u0119ci \u017byd\u00f3w G\u00f3rno\u015bl\u0105skich w Gliwicach. M\u0142odzie\u017c bra\u0142a udzia\u0142 w wyk\u0142adzie i warsztatach po\u015bwi\u0119conych Holocaustowi i historii \u017byd\u00f3w na G\u00f3rnym \u015al\u0105sku.<\/p>\n\n\n\n<figure class=\"wp-block-gallery has-nested-images columns-default is-cropped wp-block-gallery-1 is-layout-flex wp-block-gallery-is-layout-flex\">\n<figure class=\"wp-block-image size-large\"><img loading=\"lazy\" decoding=\"async\" width=\"768\" height=\"1024\" data-id=\"802\" src=\"https:\/\/lukasinski.dg.pl\/wp-content\/uploads\/2024\/03\/Image-5.jpeg\" alt=\"\" class=\"wp-image-802\" srcset=\"https:\/\/lukasinski.dg.pl\/wp-content\/uploads\/2024\/03\/Image-5.jpeg 768w, https:\/\/lukasinski.dg.pl\/wp-content\/uploads\/2024\/03\/Image-5-225x300.jpeg 225w\" sizes=\"auto, (max-width: 768px) 100vw, 768px\" \/><\/figure>\n\n\n\n<figure class=\"wp-block-image size-large\"><img loading=\"lazy\" decoding=\"async\" width=\"768\" height=\"1024\" data-id=\"801\" src=\"https:\/\/lukasinski.dg.pl\/wp-content\/uploads\/2024\/03\/Image-6.jpeg\" alt=\"\" class=\"wp-image-801\" srcset=\"https:\/\/lukasinski.dg.pl\/wp-content\/uploads\/2024\/03\/Image-6.jpeg 768w, https:\/\/lukasinski.dg.pl\/wp-content\/uploads\/2024\/03\/Image-6-225x300.jpeg 225w\" sizes=\"auto, (max-width: 768px) 100vw, 768px\" \/><\/figure>\n\n\n\n<figure class=\"wp-block-image size-large\"><img loading=\"lazy\" decoding=\"async\" width=\"768\" height=\"1024\" data-id=\"800\" src=\"https:\/\/lukasinski.dg.pl\/wp-content\/uploads\/2024\/03\/Image-7.jpeg\" alt=\"\" class=\"wp-image-800\" srcset=\"https:\/\/lukasinski.dg.pl\/wp-content\/uploads\/2024\/03\/Image-7.jpeg 768w, https:\/\/lukasinski.dg.pl\/wp-content\/uploads\/2024\/03\/Image-7-225x300.jpeg 225w\" sizes=\"auto, (max-width: 768px) 100vw, 768px\" \/><\/figure>\n\n\n\n<figure class=\"wp-block-image size-large\"><img loading=\"lazy\" decoding=\"async\" width=\"768\" height=\"1024\" data-id=\"799\" src=\"https:\/\/lukasinski.dg.pl\/wp-content\/uploads\/2024\/03\/Image-8.jpeg\" alt=\"\" class=\"wp-image-799\" srcset=\"https:\/\/lukasinski.dg.pl\/wp-content\/uploads\/2024\/03\/Image-8.jpeg 768w, https:\/\/lukasinski.dg.pl\/wp-content\/uploads\/2024\/03\/Image-8-225x300.jpeg 225w\" sizes=\"auto, (max-width: 768px) 100vw, 768px\" \/><\/figure>\n\n\n\n<figure class=\"wp-block-image size-large\"><img loading=\"lazy\" decoding=\"async\" width=\"768\" height=\"1024\" data-id=\"798\" src=\"https:\/\/lukasinski.dg.pl\/wp-content\/uploads\/2024\/03\/Image-11.jpeg\" alt=\"\" class=\"wp-image-798\" srcset=\"https:\/\/lukasinski.dg.pl\/wp-content\/uploads\/2024\/03\/Image-11.jpeg 768w, https:\/\/lukasinski.dg.pl\/wp-content\/uploads\/2024\/03\/Image-11-225x300.jpeg 225w\" sizes=\"auto, (max-width: 768px) 100vw, 768px\" \/><\/figure>\n\n\n\n<figure class=\"wp-block-image size-large\"><img loading=\"lazy\" decoding=\"async\" width=\"768\" height=\"1024\" data-id=\"797\" src=\"https:\/\/lukasinski.dg.pl\/wp-content\/uploads\/2024\/03\/Image-10.jpeg\" alt=\"\" class=\"wp-image-797\" srcset=\"https:\/\/lukasinski.dg.pl\/wp-content\/uploads\/2024\/03\/Image-10.jpeg 768w, https:\/\/lukasinski.dg.pl\/wp-content\/uploads\/2024\/03\/Image-10-225x300.jpeg 225w\" sizes=\"auto, (max-width: 768px) 100vw, 768px\" \/><\/figure>\n\n\n\n<figure class=\"wp-block-image size-large\"><img loading=\"lazy\" decoding=\"async\" width=\"768\" height=\"1024\" data-id=\"796\" src=\"https:\/\/lukasinski.dg.pl\/wp-content\/uploads\/2024\/03\/Image-9.jpeg\" alt=\"\" class=\"wp-image-796\" srcset=\"https:\/\/lukasinski.dg.pl\/wp-content\/uploads\/2024\/03\/Image-9.jpeg 768w, https:\/\/lukasinski.dg.pl\/wp-content\/uploads\/2024\/03\/Image-9-225x300.jpeg 225w\" sizes=\"auto, (max-width: 768px) 100vw, 768px\" \/><\/figure>\n<\/figure>\n","protected":false},"excerpt":{"rendered":"<p>W \u015brod\u0119 20.03 cz\u0119\u015b\u0107 klasy 1d i 2f oraz jeden maturzysta odwiedzili Dom Pami\u0119ci \u017byd\u00f3w G\u00f3rno\u015bl\u0105skich w Gliwicach. M\u0142odzie\u017c bra\u0142a udzia\u0142 w wyk\u0142adzie i warsztatach&hellip;<\/p>\n","protected":false},"author":1,"featured_media":799,"comment_status":"closed","ping_status":"closed","sticky":false,"template":"","format":"standard","meta":{"footnotes":""},"categories":[1],"tags":[],"class_list":["post-795","post","type-post","status-publish","format-standard","has-post-thumbnail","hentry","category-bez-kategorii"],"_links":{"self":[{"href":"https:\/\/lukasinski.dg.pl\/index.php?rest_route=\/wp\/v2\/posts\/795","targetHints":{"allow":["GET"]}}],"collection":[{"href":"https:\/\/lukasinski.dg.pl\/index.php?rest_route=\/wp\/v2\/posts"}],"about":[{"href":"https:\/\/lukasinski.dg.pl\/index.php?rest_route=\/wp\/v2\/types\/post"}],"author":[{"embeddable":true,"href":"https:\/\/lukasinski.dg.pl\/index.php?rest_route=\/wp\/v2\/users\/1"}],"replies":[{"embeddable":true,"href":"https:\/\/lukasinski.dg.pl\/index.php?rest_route=%2Fwp%2Fv2%2Fcomments&post=795"}],"version-history":[{"count":1,"href":"https:\/\/lukasinski.dg.pl\/index.php?rest_route=\/wp\/v2\/posts\/795\/revisions"}],"predecessor-version":[{"id":803,"href":"https:\/\/lukasinski.dg.pl\/index.php?rest_route=\/wp\/v2\/posts\/795\/revisions\/803"}],"wp:featuredmedia":[{"embeddable":true,"href":"https:\/\/lukasinski.dg.pl\/index.php?rest_route=\/wp\/v2\/media\/799"}],"wp:attachment":[{"href":"https:\/\/lukasinski.dg.pl\/index.php?rest_route=%2Fwp%2Fv2%2Fmedia&parent=795"}],"wp:term":[{"taxonomy":"category","embeddable":true,"href":"https:\/\/lukasinski.dg.pl\/index.php?rest_route=%2Fwp%2Fv2%2Fcategories&post=795"},{"taxonomy":"post_tag","embeddable":true,"href":"https:\/\/lukasinski.dg.pl\/index.php?rest_route=%2Fwp%2Fv2%2Ftags&post=795"}],"curies":[{"name":"wp","href":"https:\/\/api.w.org\/{rel}","templated":true}]}}