{"id":813,"date":"2024-03-23T10:40:05","date_gmt":"2024-03-23T09:40:05","guid":{"rendered":"https:\/\/lukasinski.dg.pl\/?p=813"},"modified":"2024-03-23T10:40:05","modified_gmt":"2024-03-23T09:40:05","slug":"spotkanie-z-poeta-i-malarzem-panem-krzysztofem-ziecikiem-w-ramach-cyklicznych-spotkan-z-kultura","status":"publish","type":"post","link":"https:\/\/lukasinski.dg.pl\/?p=813","title":{"rendered":"Spotkanie z poet\u0105 i malarzem Panem Krzysztofem Zi\u0119cikiem w ramach cyklicznych spotka\u0144 z kultur\u0105"},"content":{"rendered":"\n<p> 21 marca go\u015bcili\u015bmy w naszym liceum Pana Krzysztofa Zi\u0119cika.\u00a0Autor spotkania to cz\u0142onek Stowarzyszenia Tw\u00f3rc\u00f3w Kultury Zag\u0142\u0119bia D\u0105browskiego, obecnie kierownik sekcji plastycznej. Uprawia malarstwo olejne, pastele, rysunek d\u0142ugopisem i kredkami oraz akwarele. Za\u0142o\u017cyciel Czeladzkiej Pracowni artystycznej \u201eAkwamaryn\u201d ma na swoim koncie wiele wystaw indywidualnych i zbiorowych. To r\u00f3wnie\u017c autor tomik\u00f3w wierszy, m.in. \u201eOpowie\u015bci malarza\u201d, \u201eSen r\u00f3\u017cnobarwny\u201d, \u201e\u015anie\u017cna biel\u201d czy \u201eRapsodia Polska\u201d i in. Uhonorowany\u00a0 zosta\u0142 przez Ministra Kultury i Dziedzictwa Narodowego odznak\u0105 \u201eZas\u0142u\u017cony dla Kultury Polskiej&#8221; i odznak\u0105 starosty b\u0119dzi\u0144skiego za dzia\u0142alno\u015b\u0107 w dziedzinie kultury w powiecie b\u0119dzi\u0144skim.<\/p>\n\n\n\n<p>Autorskie projekty przedstawione przez artyst\u0119 naszej m\u0142odzie\u017cy pt. \u201ePolscy mistrzowie p\u0119dzla\u201d oraz \u201eMalarstwo \u015bwiatowe\u201d sta\u0142y si\u0119 okazj\u0105 do poszerzenia wiedzy z zakresu literatury, malarstwa oraz muzyki, poniewa\u017c utwory artysty pe\u0142ne by\u0142y odniesie\u0144 do r\u00f3\u017cnych dziedzin sztuki. Spotkanie z panem Krzysztofem Zi\u0119cikiem niew\u0105tpliwie spe\u0142ni\u0142o oczekiwania m\u0142odzie\u017cy wobec obcowania z kultur\u0105 w takiej formie.<\/p>\n\n\n\n<figure class=\"wp-block-gallery has-nested-images columns-default is-cropped wp-block-gallery-1 is-layout-flex wp-block-gallery-is-layout-flex\">\n<figure class=\"wp-block-image size-large\"><img loading=\"lazy\" decoding=\"async\" width=\"768\" height=\"1024\" data-id=\"814\" src=\"https:\/\/lukasinski.dg.pl\/wp-content\/uploads\/2024\/03\/7be2e865-de23-4b1a-b911-2c5180a49be4-768x1024.jpeg\" alt=\"\" class=\"wp-image-814\" srcset=\"https:\/\/lukasinski.dg.pl\/wp-content\/uploads\/2024\/03\/7be2e865-de23-4b1a-b911-2c5180a49be4-768x1024.jpeg 768w, https:\/\/lukasinski.dg.pl\/wp-content\/uploads\/2024\/03\/7be2e865-de23-4b1a-b911-2c5180a49be4-225x300.jpeg 225w, https:\/\/lukasinski.dg.pl\/wp-content\/uploads\/2024\/03\/7be2e865-de23-4b1a-b911-2c5180a49be4-1152x1536.jpeg 1152w, https:\/\/lukasinski.dg.pl\/wp-content\/uploads\/2024\/03\/7be2e865-de23-4b1a-b911-2c5180a49be4.jpeg 1500w\" sizes=\"auto, (max-width: 768px) 100vw, 768px\" \/><\/figure>\n\n\n\n<figure class=\"wp-block-image size-large\"><img loading=\"lazy\" decoding=\"async\" width=\"768\" height=\"1024\" data-id=\"817\" src=\"https:\/\/lukasinski.dg.pl\/wp-content\/uploads\/2024\/03\/c11e59ff-c425-4cd5-879a-58bce3e5493a-768x1024.jpeg\" alt=\"\" class=\"wp-image-817\" srcset=\"https:\/\/lukasinski.dg.pl\/wp-content\/uploads\/2024\/03\/c11e59ff-c425-4cd5-879a-58bce3e5493a-768x1024.jpeg 768w, https:\/\/lukasinski.dg.pl\/wp-content\/uploads\/2024\/03\/c11e59ff-c425-4cd5-879a-58bce3e5493a-225x300.jpeg 225w, https:\/\/lukasinski.dg.pl\/wp-content\/uploads\/2024\/03\/c11e59ff-c425-4cd5-879a-58bce3e5493a-1152x1536.jpeg 1152w, https:\/\/lukasinski.dg.pl\/wp-content\/uploads\/2024\/03\/c11e59ff-c425-4cd5-879a-58bce3e5493a.jpeg 1500w\" sizes=\"auto, (max-width: 768px) 100vw, 768px\" \/><\/figure>\n\n\n\n<figure class=\"wp-block-image size-large\"><img loading=\"lazy\" decoding=\"async\" width=\"768\" height=\"1024\" data-id=\"815\" src=\"https:\/\/lukasinski.dg.pl\/wp-content\/uploads\/2024\/03\/2eca2e6a-b874-412e-9263-4a0dc5030595-768x1024.jpeg\" alt=\"\" class=\"wp-image-815\" srcset=\"https:\/\/lukasinski.dg.pl\/wp-content\/uploads\/2024\/03\/2eca2e6a-b874-412e-9263-4a0dc5030595-768x1024.jpeg 768w, https:\/\/lukasinski.dg.pl\/wp-content\/uploads\/2024\/03\/2eca2e6a-b874-412e-9263-4a0dc5030595-225x300.jpeg 225w, https:\/\/lukasinski.dg.pl\/wp-content\/uploads\/2024\/03\/2eca2e6a-b874-412e-9263-4a0dc5030595-1152x1536.jpeg 1152w, https:\/\/lukasinski.dg.pl\/wp-content\/uploads\/2024\/03\/2eca2e6a-b874-412e-9263-4a0dc5030595.jpeg 1500w\" sizes=\"auto, (max-width: 768px) 100vw, 768px\" \/><\/figure>\n\n\n\n<figure class=\"wp-block-image size-large\"><img loading=\"lazy\" decoding=\"async\" width=\"768\" height=\"1024\" data-id=\"816\" src=\"https:\/\/lukasinski.dg.pl\/wp-content\/uploads\/2024\/03\/a1df4ffa-73ca-47df-81a9-153ac0205691-768x1024.jpeg\" alt=\"\" class=\"wp-image-816\" srcset=\"https:\/\/lukasinski.dg.pl\/wp-content\/uploads\/2024\/03\/a1df4ffa-73ca-47df-81a9-153ac0205691-768x1024.jpeg 768w, https:\/\/lukasinski.dg.pl\/wp-content\/uploads\/2024\/03\/a1df4ffa-73ca-47df-81a9-153ac0205691-225x300.jpeg 225w, https:\/\/lukasinski.dg.pl\/wp-content\/uploads\/2024\/03\/a1df4ffa-73ca-47df-81a9-153ac0205691-1152x1536.jpeg 1152w, https:\/\/lukasinski.dg.pl\/wp-content\/uploads\/2024\/03\/a1df4ffa-73ca-47df-81a9-153ac0205691.jpeg 1500w\" sizes=\"auto, (max-width: 768px) 100vw, 768px\" \/><\/figure>\n<\/figure>\n","protected":false},"excerpt":{"rendered":"<p>21 marca go\u015bcili\u015bmy w naszym liceum Pana Krzysztofa Zi\u0119cika.\u00a0Autor spotkania to cz\u0142onek Stowarzyszenia Tw\u00f3rc\u00f3w Kultury Zag\u0142\u0119bia D\u0105browskiego, obecnie kierownik sekcji plastycznej. Uprawia malarstwo olejne, pastele,&hellip;<\/p>\n","protected":false},"author":1,"featured_media":815,"comment_status":"closed","ping_status":"closed","sticky":false,"template":"","format":"standard","meta":{"footnotes":""},"categories":[1],"tags":[],"class_list":["post-813","post","type-post","status-publish","format-standard","has-post-thumbnail","hentry","category-bez-kategorii"],"_links":{"self":[{"href":"https:\/\/lukasinski.dg.pl\/index.php?rest_route=\/wp\/v2\/posts\/813","targetHints":{"allow":["GET"]}}],"collection":[{"href":"https:\/\/lukasinski.dg.pl\/index.php?rest_route=\/wp\/v2\/posts"}],"about":[{"href":"https:\/\/lukasinski.dg.pl\/index.php?rest_route=\/wp\/v2\/types\/post"}],"author":[{"embeddable":true,"href":"https:\/\/lukasinski.dg.pl\/index.php?rest_route=\/wp\/v2\/users\/1"}],"replies":[{"embeddable":true,"href":"https:\/\/lukasinski.dg.pl\/index.php?rest_route=%2Fwp%2Fv2%2Fcomments&post=813"}],"version-history":[{"count":1,"href":"https:\/\/lukasinski.dg.pl\/index.php?rest_route=\/wp\/v2\/posts\/813\/revisions"}],"predecessor-version":[{"id":818,"href":"https:\/\/lukasinski.dg.pl\/index.php?rest_route=\/wp\/v2\/posts\/813\/revisions\/818"}],"wp:featuredmedia":[{"embeddable":true,"href":"https:\/\/lukasinski.dg.pl\/index.php?rest_route=\/wp\/v2\/media\/815"}],"wp:attachment":[{"href":"https:\/\/lukasinski.dg.pl\/index.php?rest_route=%2Fwp%2Fv2%2Fmedia&parent=813"}],"wp:term":[{"taxonomy":"category","embeddable":true,"href":"https:\/\/lukasinski.dg.pl\/index.php?rest_route=%2Fwp%2Fv2%2Fcategories&post=813"},{"taxonomy":"post_tag","embeddable":true,"href":"https:\/\/lukasinski.dg.pl\/index.php?rest_route=%2Fwp%2Fv2%2Ftags&post=813"}],"curies":[{"name":"wp","href":"https:\/\/api.w.org\/{rel}","templated":true}]}}