{"id":831,"date":"2024-03-23T11:44:46","date_gmt":"2024-03-23T10:44:46","guid":{"rendered":"https:\/\/lukasinski.dg.pl\/?p=831"},"modified":"2024-03-23T11:44:46","modified_gmt":"2024-03-23T10:44:46","slug":"marcowy-wieczor-teatralny","status":"publish","type":"post","link":"https:\/\/lukasinski.dg.pl\/?p=831","title":{"rendered":"Marcowy wiecz\u00f3r teatralny"},"content":{"rendered":"\n<p>Marcowy wiecz\u00f3r teatralny<br>W pi\u0105tek 22 marca 2024 roku m\u0142odzie\u017c naszej szko\u0142y uczestniczy\u0142a w wyj\u015bciu do Teatru Zag\u0142\u0119bia w Sosnowcu. Regularne wyj\u015bcia na spektakle stanowi\u0105 istotny element edukacji teatralnej w naszym liceum. Tym razem m\u0142odzie\u017c obejrza\u0142a spektakl \u201eNikaj\u201d na podstawie tekstu Zbigniewa Rokity. Przedstawienie dotyczy\u0142o relacji zag\u0142\u0119biowsko-\u015bl\u0105skich i \u2013 jak stwierdzili uczniowie \u2013\u00a0 na scenie mogli zobaczy\u0107 niekt\u00f3re te spo\u0142eczne antagonizmy, kt\u00f3re znaj\u0105 z autopsji.\u00a0<\/p>\n\n\n\n<figure class=\"wp-block-gallery has-nested-images columns-default is-cropped wp-block-gallery-1 is-layout-flex wp-block-gallery-is-layout-flex\">\n<figure class=\"wp-block-image size-large\"><img loading=\"lazy\" decoding=\"async\" width=\"815\" height=\"1024\" data-id=\"833\" src=\"https:\/\/lukasinski.dg.pl\/wp-content\/uploads\/2024\/03\/IMG_9252-2-815x1024.jpg\" alt=\"\" class=\"wp-image-833\" srcset=\"https:\/\/lukasinski.dg.pl\/wp-content\/uploads\/2024\/03\/IMG_9252-2-815x1024.jpg 815w, https:\/\/lukasinski.dg.pl\/wp-content\/uploads\/2024\/03\/IMG_9252-2-239x300.jpg 239w, https:\/\/lukasinski.dg.pl\/wp-content\/uploads\/2024\/03\/IMG_9252-2-768x965.jpg 768w, https:\/\/lukasinski.dg.pl\/wp-content\/uploads\/2024\/03\/IMG_9252-2-1222x1536.jpg 1222w, https:\/\/lukasinski.dg.pl\/wp-content\/uploads\/2024\/03\/IMG_9252-2-1630x2048.jpg 1630w, https:\/\/lukasinski.dg.pl\/wp-content\/uploads\/2024\/03\/IMG_9252-2-scaled.jpg 2037w\" sizes=\"auto, (max-width: 815px) 100vw, 815px\" \/><\/figure>\n\n\n\n<figure class=\"wp-block-image size-large\"><img loading=\"lazy\" decoding=\"async\" width=\"1024\" height=\"768\" data-id=\"835\" src=\"https:\/\/lukasinski.dg.pl\/wp-content\/uploads\/2024\/03\/IMG_20240322_183802-1-1024x768.jpg\" alt=\"\" class=\"wp-image-835\" srcset=\"https:\/\/lukasinski.dg.pl\/wp-content\/uploads\/2024\/03\/IMG_20240322_183802-1-1024x768.jpg 1024w, https:\/\/lukasinski.dg.pl\/wp-content\/uploads\/2024\/03\/IMG_20240322_183802-1-300x225.jpg 300w, https:\/\/lukasinski.dg.pl\/wp-content\/uploads\/2024\/03\/IMG_20240322_183802-1-768x576.jpg 768w, https:\/\/lukasinski.dg.pl\/wp-content\/uploads\/2024\/03\/IMG_20240322_183802-1-1536x1152.jpg 1536w, https:\/\/lukasinski.dg.pl\/wp-content\/uploads\/2024\/03\/IMG_20240322_183802-1-2048x1536.jpg 2048w\" sizes=\"auto, (max-width: 1024px) 100vw, 1024px\" \/><\/figure>\n\n\n\n<figure class=\"wp-block-image size-large\"><img loading=\"lazy\" decoding=\"async\" width=\"833\" height=\"1024\" data-id=\"834\" src=\"https:\/\/lukasinski.dg.pl\/wp-content\/uploads\/2024\/03\/IMG_20240322_183901-2-833x1024.jpg\" alt=\"\" class=\"wp-image-834\" srcset=\"https:\/\/lukasinski.dg.pl\/wp-content\/uploads\/2024\/03\/IMG_20240322_183901-2-833x1024.jpg 833w, https:\/\/lukasinski.dg.pl\/wp-content\/uploads\/2024\/03\/IMG_20240322_183901-2-244x300.jpg 244w, https:\/\/lukasinski.dg.pl\/wp-content\/uploads\/2024\/03\/IMG_20240322_183901-2-768x944.jpg 768w, https:\/\/lukasinski.dg.pl\/wp-content\/uploads\/2024\/03\/IMG_20240322_183901-2-1250x1536.jpg 1250w, https:\/\/lukasinski.dg.pl\/wp-content\/uploads\/2024\/03\/IMG_20240322_183901-2-1666x2048.jpg 1666w\" sizes=\"auto, (max-width: 833px) 100vw, 833px\" \/><\/figure>\n\n\n\n<figure class=\"wp-block-image size-large\"><img loading=\"lazy\" decoding=\"async\" width=\"1024\" height=\"674\" data-id=\"832\" src=\"https:\/\/lukasinski.dg.pl\/wp-content\/uploads\/2024\/03\/nikaj-fot.-maciej-stobierski-6-1400x921-2-1024x674.jpg\" alt=\"\" class=\"wp-image-832\" srcset=\"https:\/\/lukasinski.dg.pl\/wp-content\/uploads\/2024\/03\/nikaj-fot.-maciej-stobierski-6-1400x921-2-1024x674.jpg 1024w, https:\/\/lukasinski.dg.pl\/wp-content\/uploads\/2024\/03\/nikaj-fot.-maciej-stobierski-6-1400x921-2-300x197.jpg 300w, https:\/\/lukasinski.dg.pl\/wp-content\/uploads\/2024\/03\/nikaj-fot.-maciej-stobierski-6-1400x921-2-768x505.jpg 768w, https:\/\/lukasinski.dg.pl\/wp-content\/uploads\/2024\/03\/nikaj-fot.-maciej-stobierski-6-1400x921-2.jpg 1400w\" sizes=\"auto, (max-width: 1024px) 100vw, 1024px\" \/><\/figure>\n<\/figure>\n","protected":false},"excerpt":{"rendered":"<p>Marcowy wiecz\u00f3r teatralnyW pi\u0105tek 22 marca 2024 roku m\u0142odzie\u017c naszej szko\u0142y uczestniczy\u0142a w wyj\u015bciu do Teatru Zag\u0142\u0119bia w Sosnowcu. Regularne wyj\u015bcia na spektakle stanowi\u0105 istotny&hellip;<\/p>\n","protected":false},"author":1,"featured_media":834,"comment_status":"closed","ping_status":"closed","sticky":false,"template":"","format":"standard","meta":{"footnotes":""},"categories":[1],"tags":[],"class_list":["post-831","post","type-post","status-publish","format-standard","has-post-thumbnail","hentry","category-bez-kategorii"],"_links":{"self":[{"href":"https:\/\/lukasinski.dg.pl\/index.php?rest_route=\/wp\/v2\/posts\/831","targetHints":{"allow":["GET"]}}],"collection":[{"href":"https:\/\/lukasinski.dg.pl\/index.php?rest_route=\/wp\/v2\/posts"}],"about":[{"href":"https:\/\/lukasinski.dg.pl\/index.php?rest_route=\/wp\/v2\/types\/post"}],"author":[{"embeddable":true,"href":"https:\/\/lukasinski.dg.pl\/index.php?rest_route=\/wp\/v2\/users\/1"}],"replies":[{"embeddable":true,"href":"https:\/\/lukasinski.dg.pl\/index.php?rest_route=%2Fwp%2Fv2%2Fcomments&post=831"}],"version-history":[{"count":1,"href":"https:\/\/lukasinski.dg.pl\/index.php?rest_route=\/wp\/v2\/posts\/831\/revisions"}],"predecessor-version":[{"id":836,"href":"https:\/\/lukasinski.dg.pl\/index.php?rest_route=\/wp\/v2\/posts\/831\/revisions\/836"}],"wp:featuredmedia":[{"embeddable":true,"href":"https:\/\/lukasinski.dg.pl\/index.php?rest_route=\/wp\/v2\/media\/834"}],"wp:attachment":[{"href":"https:\/\/lukasinski.dg.pl\/index.php?rest_route=%2Fwp%2Fv2%2Fmedia&parent=831"}],"wp:term":[{"taxonomy":"category","embeddable":true,"href":"https:\/\/lukasinski.dg.pl\/index.php?rest_route=%2Fwp%2Fv2%2Fcategories&post=831"},{"taxonomy":"post_tag","embeddable":true,"href":"https:\/\/lukasinski.dg.pl\/index.php?rest_route=%2Fwp%2Fv2%2Ftags&post=831"}],"curies":[{"name":"wp","href":"https:\/\/api.w.org\/{rel}","templated":true}]}}