{"id":839,"date":"2024-03-25T09:21:31","date_gmt":"2024-03-25T08:21:31","guid":{"rendered":"https:\/\/lukasinski.dg.pl\/?p=839"},"modified":"2024-03-25T09:21:32","modified_gmt":"2024-03-25T08:21:32","slug":"nasze-liceum-po-raz-trzeci-organizowalo-regionalny-konkurs-recytatorski","status":"publish","type":"post","link":"https:\/\/lukasinski.dg.pl\/?p=839","title":{"rendered":"Nasze liceum po raz trzeci organizowa\u0142o Regionalny Konkurs Recytatorski. \u00a0"},"content":{"rendered":"\n<p>Nasze liceum po raz trzeci organizowa\u0142o Regionalny Konkurs Recytatorski. &nbsp;<br>Tym razem uczestnicy recytowali m.in. poezj\u0119 lub proz\u0119 patron\u00f3w roku 2024: Marka H\u0142aski, Kazimierza Wierzy\u0144skiego, Melchiora Wa\u0144kowicza oraz Zbigniewa Herberta.&nbsp;<\/p>\n\n\n\n<p>Komisja pracuj\u0105ca w sk\u0142adzie w sk\u0142adzie: <strong>mgr Ma\u0142gorzata Korpikiewicz, mgr Maria Zalejska, dr Marzena Forma, <\/strong>po uwa\u017cnym wys\u0142uchaniu uczestnik\u00f3w, przyzna\u0142a nast\u0119puj\u0105ce nagrody:&nbsp;<\/p>\n\n\n\n<p>I miejsce ex aequo:&nbsp;<\/p>\n\n\n\n<p><strong>Julia Gajda z I Liceum Og\u00f3lnokszta\u0142c\u0105cego w B\u0119dzinie<\/strong>, (opiekun mgr K. Latos);&nbsp;<\/p>\n\n\n\n<p>oraz <strong>Konrad S\u0142omczy\u0144ski z Technikum nr 7 w Sosnowcu <\/strong>( opiekun dr M. Forma);&nbsp;<\/p>\n\n\n\n<p>II miejsce ex aequo:&nbsp;<\/p>\n\n\n\n<p><strong>Julia Mira z II Liceum Og\u00f3lnokszta\u0142c\u0105cego w Sosnowcu<\/strong> ( opiekun mgr E. Matysek);&nbsp;<\/p>\n\n\n\n<p>oraz&nbsp; <strong>Julia Lofek z I Liceum Og\u00f3lnokszta\u0142c\u0105ce w Jaworznie<\/strong> ( opiekun mgr D. Bialik);&nbsp;<\/p>\n\n\n\n<p>III miejsce:&nbsp;<\/p>\n\n\n\n<p><strong>Natalia Kozak z CKZiU, Technikum nr 3 w D\u0105browie G\u00f3rniczej<\/strong>&nbsp; (opiekun mgr K. Kaczmarska&nbsp;<br>i mgr D. Lenartowicz):&nbsp;<\/p>\n\n\n\n<p>Wyr\u00f3\u017cnienia przyznano:&nbsp;<\/p>\n\n\n\n<p><strong>Julii Wi\u0119c\u0142awek z CKZiU, Technikum nr 3 w D\u0105browie G\u00f3rniczej<\/strong>, ( opiekun: mgr A. Rozi\u0144ska), <strong>Arminie Shahbazyam z Akademickiego Liceum Og\u00f3lnokszta\u0142c\u0105cego w D\u0105browie G\u00f3rniczej<\/strong> ( opiekun: mgr M. Zalejska) oraz <strong>Julii G\u0142\u0105b z II Liceum Og\u00f3lnokszta\u0142c\u0105cego w Sosnowcu<\/strong> ( opiekun mgr E. Matysek).&nbsp;<\/p>\n\n\n\n<p>Wszyscy uczestnicy otrzymali nagrody rzeczowe ufundowane przez <strong>Pani\u0105 Aldon\u0119 W\u0119grzynowicz, Prezesk\u0119 Zag\u0142\u0119biowskiej Izby Gospodarczej, a tak\u017ce Pani\u0105 dr Marzen\u0119 Form\u0119 i Rad\u0119 Rodzic\u00f3w naszego Liceum.<\/strong>\u00a0<br>Bardzo dzi\u0119kujemy wszystkim uczestnikom za wspania\u0142e interpretacje\u00a0 i zapraszamy za rok.\u00a0<\/p>\n\n\n\n<figure class=\"wp-block-gallery has-nested-images columns-default is-cropped wp-block-gallery-1 is-layout-flex wp-block-gallery-is-layout-flex\">\n<figure class=\"wp-block-image size-large\"><img loading=\"lazy\" decoding=\"async\" width=\"1024\" height=\"683\" data-id=\"845\" src=\"https:\/\/lukasinski.dg.pl\/wp-content\/uploads\/2024\/03\/05A5700-1024x683.jpg\" alt=\"\" class=\"wp-image-845\" srcset=\"https:\/\/lukasinski.dg.pl\/wp-content\/uploads\/2024\/03\/05A5700-1024x683.jpg 1024w, https:\/\/lukasinski.dg.pl\/wp-content\/uploads\/2024\/03\/05A5700-300x200.jpg 300w, https:\/\/lukasinski.dg.pl\/wp-content\/uploads\/2024\/03\/05A5700-768x512.jpg 768w, https:\/\/lukasinski.dg.pl\/wp-content\/uploads\/2024\/03\/05A5700-1536x1024.jpg 1536w, https:\/\/lukasinski.dg.pl\/wp-content\/uploads\/2024\/03\/05A5700-2048x1365.jpg 2048w\" sizes=\"auto, (max-width: 1024px) 100vw, 1024px\" \/><\/figure>\n\n\n\n<figure class=\"wp-block-image size-large\"><img loading=\"lazy\" decoding=\"async\" width=\"1024\" height=\"683\" data-id=\"840\" src=\"https:\/\/lukasinski.dg.pl\/wp-content\/uploads\/2024\/03\/05A5683-1024x683.jpg\" alt=\"\" class=\"wp-image-840\" srcset=\"https:\/\/lukasinski.dg.pl\/wp-content\/uploads\/2024\/03\/05A5683-1024x683.jpg 1024w, https:\/\/lukasinski.dg.pl\/wp-content\/uploads\/2024\/03\/05A5683-300x200.jpg 300w, https:\/\/lukasinski.dg.pl\/wp-content\/uploads\/2024\/03\/05A5683-768x512.jpg 768w, https:\/\/lukasinski.dg.pl\/wp-content\/uploads\/2024\/03\/05A5683-1536x1024.jpg 1536w, https:\/\/lukasinski.dg.pl\/wp-content\/uploads\/2024\/03\/05A5683-2048x1365.jpg 2048w\" sizes=\"auto, (max-width: 1024px) 100vw, 1024px\" \/><\/figure>\n\n\n\n<figure class=\"wp-block-image size-large\"><img loading=\"lazy\" decoding=\"async\" width=\"1024\" height=\"683\" data-id=\"844\" src=\"https:\/\/lukasinski.dg.pl\/wp-content\/uploads\/2024\/03\/05A5676-1024x683.jpg\" alt=\"\" class=\"wp-image-844\" srcset=\"https:\/\/lukasinski.dg.pl\/wp-content\/uploads\/2024\/03\/05A5676-1024x683.jpg 1024w, https:\/\/lukasinski.dg.pl\/wp-content\/uploads\/2024\/03\/05A5676-300x200.jpg 300w, https:\/\/lukasinski.dg.pl\/wp-content\/uploads\/2024\/03\/05A5676-768x512.jpg 768w, https:\/\/lukasinski.dg.pl\/wp-content\/uploads\/2024\/03\/05A5676-1536x1024.jpg 1536w, https:\/\/lukasinski.dg.pl\/wp-content\/uploads\/2024\/03\/05A5676-2048x1365.jpg 2048w\" sizes=\"auto, (max-width: 1024px) 100vw, 1024px\" \/><\/figure>\n\n\n\n<figure class=\"wp-block-image size-large\"><img loading=\"lazy\" decoding=\"async\" width=\"1024\" height=\"683\" data-id=\"843\" src=\"https:\/\/lukasinski.dg.pl\/wp-content\/uploads\/2024\/03\/05A5716-1024x683.jpg\" alt=\"\" class=\"wp-image-843\" srcset=\"https:\/\/lukasinski.dg.pl\/wp-content\/uploads\/2024\/03\/05A5716-1024x683.jpg 1024w, https:\/\/lukasinski.dg.pl\/wp-content\/uploads\/2024\/03\/05A5716-300x200.jpg 300w, https:\/\/lukasinski.dg.pl\/wp-content\/uploads\/2024\/03\/05A5716-768x512.jpg 768w, https:\/\/lukasinski.dg.pl\/wp-content\/uploads\/2024\/03\/05A5716-1536x1024.jpg 1536w, https:\/\/lukasinski.dg.pl\/wp-content\/uploads\/2024\/03\/05A5716-2048x1365.jpg 2048w\" sizes=\"auto, (max-width: 1024px) 100vw, 1024px\" \/><\/figure>\n\n\n\n<figure class=\"wp-block-image size-large\"><img loading=\"lazy\" decoding=\"async\" width=\"1024\" height=\"683\" data-id=\"842\" src=\"https:\/\/lukasinski.dg.pl\/wp-content\/uploads\/2024\/03\/05A5706-1024x683.jpg\" alt=\"\" class=\"wp-image-842\" srcset=\"https:\/\/lukasinski.dg.pl\/wp-content\/uploads\/2024\/03\/05A5706-1024x683.jpg 1024w, https:\/\/lukasinski.dg.pl\/wp-content\/uploads\/2024\/03\/05A5706-300x200.jpg 300w, https:\/\/lukasinski.dg.pl\/wp-content\/uploads\/2024\/03\/05A5706-768x512.jpg 768w, https:\/\/lukasinski.dg.pl\/wp-content\/uploads\/2024\/03\/05A5706-1536x1024.jpg 1536w, https:\/\/lukasinski.dg.pl\/wp-content\/uploads\/2024\/03\/05A5706-2048x1365.jpg 2048w\" sizes=\"auto, (max-width: 1024px) 100vw, 1024px\" \/><\/figure>\n\n\n\n<figure class=\"wp-block-image size-large\"><img loading=\"lazy\" decoding=\"async\" width=\"1024\" height=\"683\" data-id=\"841\" src=\"https:\/\/lukasinski.dg.pl\/wp-content\/uploads\/2024\/03\/05A5674-1024x683.jpg\" alt=\"\" class=\"wp-image-841\" srcset=\"https:\/\/lukasinski.dg.pl\/wp-content\/uploads\/2024\/03\/05A5674-1024x683.jpg 1024w, https:\/\/lukasinski.dg.pl\/wp-content\/uploads\/2024\/03\/05A5674-300x200.jpg 300w, https:\/\/lukasinski.dg.pl\/wp-content\/uploads\/2024\/03\/05A5674-768x512.jpg 768w, https:\/\/lukasinski.dg.pl\/wp-content\/uploads\/2024\/03\/05A5674-1536x1024.jpg 1536w, https:\/\/lukasinski.dg.pl\/wp-content\/uploads\/2024\/03\/05A5674-2048x1365.jpg 2048w\" sizes=\"auto, (max-width: 1024px) 100vw, 1024px\" \/><\/figure>\n\n\n\n<figure class=\"wp-block-image\"><img decoding=\"async\" src=\"blob:https:\/\/lukasinski.dg.pl\/4682ee55-cfec-4c5e-87ac-9d882a63a9da\" alt=\"\"\/><\/figure>\n<\/figure>\n","protected":false},"excerpt":{"rendered":"<p>Nasze liceum po raz trzeci organizowa\u0142o Regionalny Konkurs Recytatorski. &nbsp;Tym razem uczestnicy recytowali m.in. poezj\u0119 lub proz\u0119 patron\u00f3w roku 2024: Marka H\u0142aski, Kazimierza Wierzy\u0144skiego, Melchiora&hellip;<\/p>\n","protected":false},"author":1,"featured_media":846,"comment_status":"closed","ping_status":"closed","sticky":false,"template":"","format":"standard","meta":{"footnotes":""},"categories":[1],"tags":[],"class_list":["post-839","post","type-post","status-publish","format-standard","has-post-thumbnail","hentry","category-bez-kategorii"],"_links":{"self":[{"href":"https:\/\/lukasinski.dg.pl\/index.php?rest_route=\/wp\/v2\/posts\/839","targetHints":{"allow":["GET"]}}],"collection":[{"href":"https:\/\/lukasinski.dg.pl\/index.php?rest_route=\/wp\/v2\/posts"}],"about":[{"href":"https:\/\/lukasinski.dg.pl\/index.php?rest_route=\/wp\/v2\/types\/post"}],"author":[{"embeddable":true,"href":"https:\/\/lukasinski.dg.pl\/index.php?rest_route=\/wp\/v2\/users\/1"}],"replies":[{"embeddable":true,"href":"https:\/\/lukasinski.dg.pl\/index.php?rest_route=%2Fwp%2Fv2%2Fcomments&post=839"}],"version-history":[{"count":1,"href":"https:\/\/lukasinski.dg.pl\/index.php?rest_route=\/wp\/v2\/posts\/839\/revisions"}],"predecessor-version":[{"id":847,"href":"https:\/\/lukasinski.dg.pl\/index.php?rest_route=\/wp\/v2\/posts\/839\/revisions\/847"}],"wp:featuredmedia":[{"embeddable":true,"href":"https:\/\/lukasinski.dg.pl\/index.php?rest_route=\/wp\/v2\/media\/846"}],"wp:attachment":[{"href":"https:\/\/lukasinski.dg.pl\/index.php?rest_route=%2Fwp%2Fv2%2Fmedia&parent=839"}],"wp:term":[{"taxonomy":"category","embeddable":true,"href":"https:\/\/lukasinski.dg.pl\/index.php?rest_route=%2Fwp%2Fv2%2Fcategories&post=839"},{"taxonomy":"post_tag","embeddable":true,"href":"https:\/\/lukasinski.dg.pl\/index.php?rest_route=%2Fwp%2Fv2%2Ftags&post=839"}],"curies":[{"name":"wp","href":"https:\/\/api.w.org\/{rel}","templated":true}]}}