{"id":861,"date":"2024-03-29T13:58:44","date_gmt":"2024-03-29T12:58:44","guid":{"rendered":"https:\/\/lukasinski.dg.pl\/?p=861"},"modified":"2024-03-29T13:59:19","modified_gmt":"2024-03-29T12:59:19","slug":"z-glebokim-smutkiem-i-zalem-zawiadamiamy","status":"publish","type":"post","link":"https:\/\/lukasinski.dg.pl\/?p=861","title":{"rendered":"Z g\u0142\u0119bokim smutkiem i\u00a0 \u017calem zawiadamiamy o \u015bmierci\u00a0\u00a0Pani Marii Kosno"},"content":{"rendered":"\n<p class=\"has-text-align-center\">Z g\u0142\u0119bokim smutkiem i\u00a0 \u017calem zawiadamiamy<br>o \u015bmierci\u00a0 <strong>Pani Marii Kosno<\/strong><br>\u2013 nauczyciela, wychowawcy, kole\u017canki, przyjaciela.<br>Pozostanie na zawsze w naszej pami\u0119ci.<br>Rodzinie sk\u0142adamy wyrazy wsp\u00f3\u0142czucia.<\/p>\n\n\n\n<p class=\"has-text-align-center\">Dyrekcja, Rada Pedagogiczna<br>oraz ca\u0142a spo\u0142eczno\u015b\u0107<br><strong>Uroczysto\u015bci pogrzebowe odb\u0119d\u0105 si\u0119 3 kwietnia 2024 r.<\/strong>\u00a0 o godz. 12 w Kaplicy na cmentarzu w Sosnowcu &#8211; Por\u0105bce.<\/p>\n","protected":false},"excerpt":{"rendered":"<p>Z g\u0142\u0119bokim smutkiem i\u00a0 \u017calem zawiadamiamyo \u015bmierci\u00a0 Pani Marii Kosno\u2013 nauczyciela, wychowawcy, kole\u017canki, przyjaciela.Pozostanie na zawsze w naszej pami\u0119ci.Rodzinie sk\u0142adamy wyrazy wsp\u00f3\u0142czucia. Dyrekcja, Rada Pedagogicznaoraz&hellip;<\/p>\n","protected":false},"author":1,"featured_media":862,"comment_status":"closed","ping_status":"closed","sticky":false,"template":"","format":"standard","meta":{"footnotes":""},"categories":[1],"tags":[],"class_list":["post-861","post","type-post","status-publish","format-standard","has-post-thumbnail","hentry","category-bez-kategorii"],"_links":{"self":[{"href":"https:\/\/lukasinski.dg.pl\/index.php?rest_route=\/wp\/v2\/posts\/861","targetHints":{"allow":["GET"]}}],"collection":[{"href":"https:\/\/lukasinski.dg.pl\/index.php?rest_route=\/wp\/v2\/posts"}],"about":[{"href":"https:\/\/lukasinski.dg.pl\/index.php?rest_route=\/wp\/v2\/types\/post"}],"author":[{"embeddable":true,"href":"https:\/\/lukasinski.dg.pl\/index.php?rest_route=\/wp\/v2\/users\/1"}],"replies":[{"embeddable":true,"href":"https:\/\/lukasinski.dg.pl\/index.php?rest_route=%2Fwp%2Fv2%2Fcomments&post=861"}],"version-history":[{"count":2,"href":"https:\/\/lukasinski.dg.pl\/index.php?rest_route=\/wp\/v2\/posts\/861\/revisions"}],"predecessor-version":[{"id":864,"href":"https:\/\/lukasinski.dg.pl\/index.php?rest_route=\/wp\/v2\/posts\/861\/revisions\/864"}],"wp:featuredmedia":[{"embeddable":true,"href":"https:\/\/lukasinski.dg.pl\/index.php?rest_route=\/wp\/v2\/media\/862"}],"wp:attachment":[{"href":"https:\/\/lukasinski.dg.pl\/index.php?rest_route=%2Fwp%2Fv2%2Fmedia&parent=861"}],"wp:term":[{"taxonomy":"category","embeddable":true,"href":"https:\/\/lukasinski.dg.pl\/index.php?rest_route=%2Fwp%2Fv2%2Fcategories&post=861"},{"taxonomy":"post_tag","embeddable":true,"href":"https:\/\/lukasinski.dg.pl\/index.php?rest_route=%2Fwp%2Fv2%2Ftags&post=861"}],"curies":[{"name":"wp","href":"https:\/\/api.w.org\/{rel}","templated":true}]}}