{"id":866,"date":"2024-04-07T16:43:08","date_gmt":"2024-04-07T14:43:08","guid":{"rendered":"https:\/\/lukasinski.dg.pl\/?p=866"},"modified":"2024-04-07T16:43:08","modified_gmt":"2024-04-07T14:43:08","slug":"20-rocznica-przyjecia-polski-do-unii-europejskiej-i-25-rocznica-przystapienia-do-nato","status":"publish","type":"post","link":"https:\/\/lukasinski.dg.pl\/?p=866","title":{"rendered":"20 &#8211; rocznica przyj\u0119cia Polski do Unii Europejskiej i 25- rocznica przyst\u0105pienia do NATO"},"content":{"rendered":"\n<p>W zwi\u0105zku z przypadaj\u0105c\u0105 20 &#8211; rocznic\u0105 przyj\u0119cia Polski do Unii Europejskiej i 25- rocznic\u0105 przyst\u0105pienia do NATO dla u\u015bwietnienia tych historycznych i donios\u0142ych wydarze\u0144 rozpocz\u0119\u0142y si\u0119 w Naszej szkole uroczysto\u015bci maj\u0105ce na celu podkre\u015blenie ich rangi. Ot\u00f3\u017c w dniach 04 i 05 kwietnia uczniowie klas 3 a i 1 d na zaj\u0119ciach z historii oraz historii i tera\u017aniejszo\u015bci przedstawili w formie prezentacji multimedialnych: Drog\u0119 Polski do Unii Europejskiej, Drog\u0119 Polski do NATO oraz Powstanie i organizacje Unii Europejskiej. Po wyst\u0105pieniu prelegent\u00f3w toczy\u0142a si\u0119 o\u017cywiona dyskusja wok\u00f3\u0142 plus\u00f3w i minus\u00f3w przynale\u017cno\u015bci Polski do UE i NATO. Ci\u0105g dalszy nast\u0105pi&#8230;.<\/p>\n\n\n\n<figure class=\"wp-block-gallery has-nested-images columns-default is-cropped wp-block-gallery-1 is-layout-flex wp-block-gallery-is-layout-flex\">\n<figure class=\"wp-block-image size-large\"><img loading=\"lazy\" decoding=\"async\" width=\"461\" height=\"1024\" data-id=\"867\" src=\"https:\/\/lukasinski.dg.pl\/wp-content\/uploads\/2024\/04\/32f746a3-499d-4371-9cc8-31a89e650de7-461x1024.jpeg\" alt=\"\" class=\"wp-image-867\" srcset=\"https:\/\/lukasinski.dg.pl\/wp-content\/uploads\/2024\/04\/32f746a3-499d-4371-9cc8-31a89e650de7-461x1024.jpeg 461w, https:\/\/lukasinski.dg.pl\/wp-content\/uploads\/2024\/04\/32f746a3-499d-4371-9cc8-31a89e650de7-135x300.jpeg 135w, https:\/\/lukasinski.dg.pl\/wp-content\/uploads\/2024\/04\/32f746a3-499d-4371-9cc8-31a89e650de7-768x1707.jpeg 768w, https:\/\/lukasinski.dg.pl\/wp-content\/uploads\/2024\/04\/32f746a3-499d-4371-9cc8-31a89e650de7-691x1536.jpeg 691w, https:\/\/lukasinski.dg.pl\/wp-content\/uploads\/2024\/04\/32f746a3-499d-4371-9cc8-31a89e650de7.jpeg 900w\" sizes=\"auto, (max-width: 461px) 100vw, 461px\" \/><\/figure>\n\n\n\n<figure class=\"wp-block-image size-large\"><img loading=\"lazy\" decoding=\"async\" width=\"461\" height=\"1024\" data-id=\"868\" src=\"https:\/\/lukasinski.dg.pl\/wp-content\/uploads\/2024\/04\/43a9ec1b-e146-406c-b860-8290bda00547-461x1024.jpeg\" alt=\"\" class=\"wp-image-868\" srcset=\"https:\/\/lukasinski.dg.pl\/wp-content\/uploads\/2024\/04\/43a9ec1b-e146-406c-b860-8290bda00547-461x1024.jpeg 461w, https:\/\/lukasinski.dg.pl\/wp-content\/uploads\/2024\/04\/43a9ec1b-e146-406c-b860-8290bda00547-135x300.jpeg 135w, https:\/\/lukasinski.dg.pl\/wp-content\/uploads\/2024\/04\/43a9ec1b-e146-406c-b860-8290bda00547-768x1707.jpeg 768w, https:\/\/lukasinski.dg.pl\/wp-content\/uploads\/2024\/04\/43a9ec1b-e146-406c-b860-8290bda00547-691x1536.jpeg 691w, https:\/\/lukasinski.dg.pl\/wp-content\/uploads\/2024\/04\/43a9ec1b-e146-406c-b860-8290bda00547.jpeg 900w\" sizes=\"auto, (max-width: 461px) 100vw, 461px\" \/><\/figure>\n\n\n\n<figure class=\"wp-block-image size-large\"><img loading=\"lazy\" decoding=\"async\" width=\"461\" height=\"1024\" data-id=\"869\" src=\"https:\/\/lukasinski.dg.pl\/wp-content\/uploads\/2024\/04\/3401fbf0-2ad6-4968-9d34-cea8df676045-461x1024.jpeg\" alt=\"\" class=\"wp-image-869\" srcset=\"https:\/\/lukasinski.dg.pl\/wp-content\/uploads\/2024\/04\/3401fbf0-2ad6-4968-9d34-cea8df676045-461x1024.jpeg 461w, https:\/\/lukasinski.dg.pl\/wp-content\/uploads\/2024\/04\/3401fbf0-2ad6-4968-9d34-cea8df676045-135x300.jpeg 135w, https:\/\/lukasinski.dg.pl\/wp-content\/uploads\/2024\/04\/3401fbf0-2ad6-4968-9d34-cea8df676045-768x1707.jpeg 768w, https:\/\/lukasinski.dg.pl\/wp-content\/uploads\/2024\/04\/3401fbf0-2ad6-4968-9d34-cea8df676045-691x1536.jpeg 691w, https:\/\/lukasinski.dg.pl\/wp-content\/uploads\/2024\/04\/3401fbf0-2ad6-4968-9d34-cea8df676045.jpeg 900w\" sizes=\"auto, (max-width: 461px) 100vw, 461px\" \/><\/figure>\n<\/figure>\n","protected":false},"excerpt":{"rendered":"<p>W zwi\u0105zku z przypadaj\u0105c\u0105 20 &#8211; rocznic\u0105 przyj\u0119cia Polski do Unii Europejskiej i 25- rocznic\u0105 przyst\u0105pienia do NATO dla u\u015bwietnienia tych historycznych i donios\u0142ych wydarze\u0144&hellip;<\/p>\n","protected":false},"author":1,"featured_media":869,"comment_status":"closed","ping_status":"closed","sticky":false,"template":"","format":"standard","meta":{"footnotes":""},"categories":[1],"tags":[],"class_list":["post-866","post","type-post","status-publish","format-standard","has-post-thumbnail","hentry","category-bez-kategorii"],"_links":{"self":[{"href":"https:\/\/lukasinski.dg.pl\/index.php?rest_route=\/wp\/v2\/posts\/866","targetHints":{"allow":["GET"]}}],"collection":[{"href":"https:\/\/lukasinski.dg.pl\/index.php?rest_route=\/wp\/v2\/posts"}],"about":[{"href":"https:\/\/lukasinski.dg.pl\/index.php?rest_route=\/wp\/v2\/types\/post"}],"author":[{"embeddable":true,"href":"https:\/\/lukasinski.dg.pl\/index.php?rest_route=\/wp\/v2\/users\/1"}],"replies":[{"embeddable":true,"href":"https:\/\/lukasinski.dg.pl\/index.php?rest_route=%2Fwp%2Fv2%2Fcomments&post=866"}],"version-history":[{"count":1,"href":"https:\/\/lukasinski.dg.pl\/index.php?rest_route=\/wp\/v2\/posts\/866\/revisions"}],"predecessor-version":[{"id":870,"href":"https:\/\/lukasinski.dg.pl\/index.php?rest_route=\/wp\/v2\/posts\/866\/revisions\/870"}],"wp:featuredmedia":[{"embeddable":true,"href":"https:\/\/lukasinski.dg.pl\/index.php?rest_route=\/wp\/v2\/media\/869"}],"wp:attachment":[{"href":"https:\/\/lukasinski.dg.pl\/index.php?rest_route=%2Fwp%2Fv2%2Fmedia&parent=866"}],"wp:term":[{"taxonomy":"category","embeddable":true,"href":"https:\/\/lukasinski.dg.pl\/index.php?rest_route=%2Fwp%2Fv2%2Fcategories&post=866"},{"taxonomy":"post_tag","embeddable":true,"href":"https:\/\/lukasinski.dg.pl\/index.php?rest_route=%2Fwp%2Fv2%2Ftags&post=866"}],"curies":[{"name":"wp","href":"https:\/\/api.w.org\/{rel}","templated":true}]}}