{"id":871,"date":"2024-04-07T16:45:26","date_gmt":"2024-04-07T14:45:26","guid":{"rendered":"https:\/\/lukasinski.dg.pl\/?p=871"},"modified":"2024-04-07T16:45:26","modified_gmt":"2024-04-07T14:45:26","slug":"dwukrotne-owacje-na-stojaco-po-premierze-fausta-w-wykonaniu-uczniow-z-i-liceum-ogolnoksztalcacego-w-dabrowie-gorniczej","status":"publish","type":"post","link":"https:\/\/lukasinski.dg.pl\/?p=871","title":{"rendered":"Dwukrotne owacje na stoj\u0105co po premierze \u201eFausta\u201d w wykonaniu uczni\u00f3w z I Liceum Og\u00f3lnokszta\u0142c\u0105cego w D\u0105browie G\u00f3rniczej\u00a0"},"content":{"rendered":"\n<p>Dwukrotne owacje na stoj\u0105co po premierze \u201eFausta\u201d w wykonaniu uczni\u00f3w z I Liceum Og\u00f3lnokszta\u0142c\u0105cego w D\u0105browie G\u00f3rniczej&nbsp;<br><br>W dniu 5 kwietnia br. Szkolne Ko\u0142o Teatralne Adamantem z I Liceum Og\u00f3lnokszta\u0142c\u0105cego im. Waleriana \u0141ukasi\u0144skiego w D\u0105browie G\u00f3rniczej we wsp\u00f3\u0142pracy z Pa\u0142acem Kultury Zag\u0142\u0119bia dwukrotnie dokona\u0142o inscenizacji spektaklu teatralnego pt. \u201eFaust \u2013 opowie\u015b\u0107 o cz\u0142owieku szukaj\u0105cym szcz\u0119\u015bcia\u201d na podstawie dramatu romantycznego \u201eFaust\u201d Johanna Wolfganga Goethego.&nbsp;<br><br>Honorowym go\u015bciem w czasie premiery spektaklu by\u0142 pan prof. dr hab. Andrzej Lam z Uniwersytetu Warszawskiego, cz\u0142onek Towarzystwa Naukowego Warszawskiego, wybitny t\u0142umacz poezji niemieckiej, kt\u00f3ry jest t\u0142umaczem dzie\u0142a Goethego na j\u0119zyk polski. To w\u0142a\u015bnie prozatorski przek\u0142ad dzie\u0142a stanowi\u0142 inspiracj\u0119 do podj\u0119cia przez m\u0142odzie\u017c prac nad spektaklem.&nbsp;<br><br>Swoj\u0105 obecno\u015bci\u0105 w czasie spektakli m\u0142odych \u201eaktor\u00f3w\u201d zaszczycili m.in.:<br>&#8211; Prezydent Miasta D\u0105browa G\u00f3rnicza Marcin Bazylak<\/p>\n\n\n\n<p>&#8211; Zast\u0119pca Prezydenta Miasta D\u0105browa G\u00f3rnicza Pani Bo\u017cen\u0119 Borowiec<\/p>\n\n\n\n<p>&#8211; Naczelnik Wydzia\u0142u O\u015bwiaty Pani Marta Bobrowsk\u0105-Juroff&nbsp;&nbsp;<br>&#8211; Dyrektor Centrum Sportu i Rekreacji w D\u0105browie G\u00f3rniczej Pan Wojciech Juroff<\/p>\n\n\n\n<p>&#8211; &nbsp;Burmistrz miasta S\u0142awk\u00f3w Pan Rafa\u0142a Adamczyk<br>&#8211; W\u00f3jt Gminy Psary Pan Tomasz Sad\u0142o\u0144<\/p>\n\n\n\n<p>&#8211; Dyrektor Pa\u0142acu Kultury Zag\u0142\u0119bia Pan Grzegorz Dryga\u0142a<br>&#8211; Zast\u0119pca Dyrektora Pa\u0142acu Kultury Zag\u0142\u0119bia i p.o. Dyrektor Miejskiej Biblioteki Publicznej w D\u0105browie G\u00f3rniczej Pani Edyta Piekoszewska<\/p>\n\n\n\n<p>&#8211; Dyrektor I Liceum Og\u00f3lnokszta\u0142c\u0105cego&nbsp;&nbsp;im. Waleriana \u0141ukasi\u0144skiego Pani Beata Bo\u0144czak.<br><br>Podczas pierwszych sekwencji przedstawienia mo\u017cna by\u0142o odnie\u015b\u0107 wra\u017cenie, \u017ce jest to spektakl jednego aktora, ale swoj\u0105 kulminacj\u0119 odnalaz\u0142 on w centralnych scenach zbiorowych i uk\u0142adach choreograficznych.&nbsp; Cho\u0107 kostiumy i scenografia przenios\u0142y widz\u00f3w w realia dawne, to tw\u00f3rcy zuniwersalizowali histori\u0119 w taki spos\u00f3b, \u017ce widzowie mogli odnale\u017a\u0107 w niej samych siebie. W procesie doboru \u015brodk\u00f3w wyrazu szczeg\u00f3lnie istotne tym razem by\u0142y dwa komponenty: ludzie (\u201eaktorzy\u201d- uczniowie) i \u015bwiat\u0142o. To w\u0142a\u015bnie \u015bwiat\u0142em opowiedziano tu histori\u0119 tytu\u0142owej postaci. \u201eFaust\u201d by\u0142 przedstawieniem o cz\u0142owieku nienasyconym \u017cyciem, gotowym zawrze\u0107 pakt z diab\u0142em, przedstawieniem o <em>metafizycznej&nbsp;<\/em>zagadce bytu i boskich planach.&nbsp;To nie przypadek, \u017ce inscenizacja spektaklu mia\u0142a swoj\u0105 premier\u0119 bezpo\u015brednio po \u015awi\u0119tach Wielkiej Nocy.&nbsp;<br><br>Jak podkre\u015bli\u0142 pan prof. dr hab. Andrzej Lam jest to pierwsza w og\u00f3le inscenizacja na deskach teatru \u201eFausta\u201d w jego przek\u0142adzie, a zatem Szkolne Ko\u0142o Teatralne Adamantem zdobywa tu palm\u0119 pierwsze\u0144stwa. Pan profesor Lam w bardzo pochlebnych s\u0142owach wypowiada\u0142 si\u0119 na temat przedstawienia: doboru fragment\u00f3w tekstu, zr\u00f3wnowa\u017cenia w\u0105tk\u00f3w diabelskich i anielskich oraz wysokich walor\u00f3w artystycznych sztuki stworzonej przez m\u0142odzie\u017c.&nbsp;<br><br>Szkolne Ko\u0142o Teatralne Adamantem:<br>Obsada: Kacper Adamczyk, Wiktor Domaga\u0142a, Szymon Szkoda, Patrycja Wojciechowska&nbsp;<br>Maciej Ba\u0142a, Magdalena Braksator, Hanna Bojanowska, Julia Dobosz, Ma\u0142gorzata Dryjska, Nadia Garbuli\u0144ska, Klaudia Kaleta, Kinga Kalinowska, Filip Ka\u0144toch, Agata Ko\u0142odziejczyk, Alicja Kowina, Milena Krajniewska, Katarzyna Maj, Kinga Majewska, Maja Mielczarska, Milena Pa\u0142ka, Maria Pluta, Gabriela R\u00f3wnicka, Karolina Side\u0142ko, Michalina Widera, Lena Wi\u015bniewska, Wiktoria Wojtan, Julia Zad\u0119cka oraz \u2013 go\u015bcinnie \u2013 Michalina Belka.&nbsp;<br>Realizacja d\u017awi\u0119ku: Julia Paluch.<br>Scenariusz i re\u017cyseria: Ewa Pawik \u2013 instruktor teatralny, nauczyciel w I LO.<br>Foto: S\u0142awomir Ko\u0142odziejczyk&nbsp;<\/p>\n\n\n\n<p>Wi\u0119cej zdj\u0119\u0107 na stronie fb szko\u0142y<\/p>\n","protected":false},"excerpt":{"rendered":"<p>Dwukrotne owacje na stoj\u0105co po premierze \u201eFausta\u201d w wykonaniu uczni\u00f3w z I Liceum Og\u00f3lnokszta\u0142c\u0105cego w D\u0105browie G\u00f3rniczej&nbsp; W dniu 5 kwietnia br. Szkolne Ko\u0142o Teatralne&hellip;<\/p>\n","protected":false},"author":1,"featured_media":872,"comment_status":"closed","ping_status":"closed","sticky":false,"template":"","format":"standard","meta":{"footnotes":""},"categories":[1],"tags":[],"class_list":["post-871","post","type-post","status-publish","format-standard","has-post-thumbnail","hentry","category-bez-kategorii"],"_links":{"self":[{"href":"https:\/\/lukasinski.dg.pl\/index.php?rest_route=\/wp\/v2\/posts\/871","targetHints":{"allow":["GET"]}}],"collection":[{"href":"https:\/\/lukasinski.dg.pl\/index.php?rest_route=\/wp\/v2\/posts"}],"about":[{"href":"https:\/\/lukasinski.dg.pl\/index.php?rest_route=\/wp\/v2\/types\/post"}],"author":[{"embeddable":true,"href":"https:\/\/lukasinski.dg.pl\/index.php?rest_route=\/wp\/v2\/users\/1"}],"replies":[{"embeddable":true,"href":"https:\/\/lukasinski.dg.pl\/index.php?rest_route=%2Fwp%2Fv2%2Fcomments&post=871"}],"version-history":[{"count":1,"href":"https:\/\/lukasinski.dg.pl\/index.php?rest_route=\/wp\/v2\/posts\/871\/revisions"}],"predecessor-version":[{"id":873,"href":"https:\/\/lukasinski.dg.pl\/index.php?rest_route=\/wp\/v2\/posts\/871\/revisions\/873"}],"wp:featuredmedia":[{"embeddable":true,"href":"https:\/\/lukasinski.dg.pl\/index.php?rest_route=\/wp\/v2\/media\/872"}],"wp:attachment":[{"href":"https:\/\/lukasinski.dg.pl\/index.php?rest_route=%2Fwp%2Fv2%2Fmedia&parent=871"}],"wp:term":[{"taxonomy":"category","embeddable":true,"href":"https:\/\/lukasinski.dg.pl\/index.php?rest_route=%2Fwp%2Fv2%2Fcategories&post=871"},{"taxonomy":"post_tag","embeddable":true,"href":"https:\/\/lukasinski.dg.pl\/index.php?rest_route=%2Fwp%2Fv2%2Ftags&post=871"}],"curies":[{"name":"wp","href":"https:\/\/api.w.org\/{rel}","templated":true}]}}