{"id":874,"date":"2024-04-10T11:55:33","date_gmt":"2024-04-10T09:55:33","guid":{"rendered":"https:\/\/lukasinski.dg.pl\/?p=874"},"modified":"2024-04-10T11:55:33","modified_gmt":"2024-04-10T09:55:33","slug":"drogi-polski-do-unii","status":"publish","type":"post","link":"https:\/\/lukasinski.dg.pl\/?p=874","title":{"rendered":"Drogi Polski do Unii"},"content":{"rendered":"\n<p>09 kwietnia uczniowie klas 2b i 2e przedstawili w formie prezentacji multimedialnych tematyk\u0119 Drogi Polski do Unii Europejskiej i NATO co wpisuje si\u0119 w projekt szkolny dotycz\u0105cy 20 -rocznicy akcesu Polski do UE i 25 &#8211; rocznicy przyst\u0105pienia do NATO. Uczniowie przedstawili projekt w spos\u00f3b ciekawy czemu towarzyszy\u0142a o\u017cywiona dyskusja<\/p>\n\n\n\n<figure class=\"wp-block-gallery has-nested-images columns-default is-cropped wp-block-gallery-1 is-layout-flex wp-block-gallery-is-layout-flex\">\n<figure class=\"wp-block-image size-large\"><img loading=\"lazy\" decoding=\"async\" width=\"461\" height=\"1024\" data-id=\"875\" src=\"https:\/\/lukasinski.dg.pl\/wp-content\/uploads\/2024\/04\/268f95ad-39b5-426b-914c-dca22392e2ad-461x1024.jpeg\" alt=\"\" class=\"wp-image-875\" srcset=\"https:\/\/lukasinski.dg.pl\/wp-content\/uploads\/2024\/04\/268f95ad-39b5-426b-914c-dca22392e2ad-461x1024.jpeg 461w, https:\/\/lukasinski.dg.pl\/wp-content\/uploads\/2024\/04\/268f95ad-39b5-426b-914c-dca22392e2ad-135x300.jpeg 135w, https:\/\/lukasinski.dg.pl\/wp-content\/uploads\/2024\/04\/268f95ad-39b5-426b-914c-dca22392e2ad-768x1707.jpeg 768w, https:\/\/lukasinski.dg.pl\/wp-content\/uploads\/2024\/04\/268f95ad-39b5-426b-914c-dca22392e2ad-691x1536.jpeg 691w, https:\/\/lukasinski.dg.pl\/wp-content\/uploads\/2024\/04\/268f95ad-39b5-426b-914c-dca22392e2ad.jpeg 900w\" sizes=\"auto, (max-width: 461px) 100vw, 461px\" \/><\/figure>\n\n\n\n<figure class=\"wp-block-image size-large\"><img loading=\"lazy\" decoding=\"async\" width=\"461\" height=\"1024\" data-id=\"877\" src=\"https:\/\/lukasinski.dg.pl\/wp-content\/uploads\/2024\/04\/8931b7ab-d313-47b3-a425-6d6995b5e280-461x1024.jpeg\" alt=\"\" class=\"wp-image-877\" srcset=\"https:\/\/lukasinski.dg.pl\/wp-content\/uploads\/2024\/04\/8931b7ab-d313-47b3-a425-6d6995b5e280-461x1024.jpeg 461w, https:\/\/lukasinski.dg.pl\/wp-content\/uploads\/2024\/04\/8931b7ab-d313-47b3-a425-6d6995b5e280-135x300.jpeg 135w, https:\/\/lukasinski.dg.pl\/wp-content\/uploads\/2024\/04\/8931b7ab-d313-47b3-a425-6d6995b5e280-768x1707.jpeg 768w, https:\/\/lukasinski.dg.pl\/wp-content\/uploads\/2024\/04\/8931b7ab-d313-47b3-a425-6d6995b5e280-691x1536.jpeg 691w, https:\/\/lukasinski.dg.pl\/wp-content\/uploads\/2024\/04\/8931b7ab-d313-47b3-a425-6d6995b5e280.jpeg 900w\" sizes=\"auto, (max-width: 461px) 100vw, 461px\" \/><\/figure>\n\n\n\n<figure class=\"wp-block-image size-large\"><img loading=\"lazy\" decoding=\"async\" width=\"461\" height=\"1024\" data-id=\"876\" src=\"https:\/\/lukasinski.dg.pl\/wp-content\/uploads\/2024\/04\/75b6375e-9ede-4a69-8cd9-4049c7440969-461x1024.jpeg\" alt=\"\" class=\"wp-image-876\" srcset=\"https:\/\/lukasinski.dg.pl\/wp-content\/uploads\/2024\/04\/75b6375e-9ede-4a69-8cd9-4049c7440969-461x1024.jpeg 461w, https:\/\/lukasinski.dg.pl\/wp-content\/uploads\/2024\/04\/75b6375e-9ede-4a69-8cd9-4049c7440969-135x300.jpeg 135w, https:\/\/lukasinski.dg.pl\/wp-content\/uploads\/2024\/04\/75b6375e-9ede-4a69-8cd9-4049c7440969-768x1707.jpeg 768w, https:\/\/lukasinski.dg.pl\/wp-content\/uploads\/2024\/04\/75b6375e-9ede-4a69-8cd9-4049c7440969-691x1536.jpeg 691w, https:\/\/lukasinski.dg.pl\/wp-content\/uploads\/2024\/04\/75b6375e-9ede-4a69-8cd9-4049c7440969.jpeg 900w\" sizes=\"auto, (max-width: 461px) 100vw, 461px\" \/><\/figure>\n\n\n\n<figure class=\"wp-block-image size-large\"><img loading=\"lazy\" decoding=\"async\" width=\"461\" height=\"1024\" data-id=\"879\" src=\"https:\/\/lukasinski.dg.pl\/wp-content\/uploads\/2024\/04\/eabfcb83-d6cb-4438-9b51-d7b7d26264a1-461x1024.jpeg\" alt=\"\" class=\"wp-image-879\" srcset=\"https:\/\/lukasinski.dg.pl\/wp-content\/uploads\/2024\/04\/eabfcb83-d6cb-4438-9b51-d7b7d26264a1-461x1024.jpeg 461w, https:\/\/lukasinski.dg.pl\/wp-content\/uploads\/2024\/04\/eabfcb83-d6cb-4438-9b51-d7b7d26264a1-135x300.jpeg 135w, https:\/\/lukasinski.dg.pl\/wp-content\/uploads\/2024\/04\/eabfcb83-d6cb-4438-9b51-d7b7d26264a1-768x1707.jpeg 768w, https:\/\/lukasinski.dg.pl\/wp-content\/uploads\/2024\/04\/eabfcb83-d6cb-4438-9b51-d7b7d26264a1-691x1536.jpeg 691w, https:\/\/lukasinski.dg.pl\/wp-content\/uploads\/2024\/04\/eabfcb83-d6cb-4438-9b51-d7b7d26264a1-rotated.jpeg 900w\" sizes=\"auto, (max-width: 461px) 100vw, 461px\" \/><\/figure>\n\n\n\n<figure class=\"wp-block-image size-large\"><img loading=\"lazy\" decoding=\"async\" width=\"461\" height=\"1024\" data-id=\"878\" src=\"https:\/\/lukasinski.dg.pl\/wp-content\/uploads\/2024\/04\/8fccda01-7367-4582-b9e5-9d732805563b-461x1024.jpeg\" alt=\"\" class=\"wp-image-878\" srcset=\"https:\/\/lukasinski.dg.pl\/wp-content\/uploads\/2024\/04\/8fccda01-7367-4582-b9e5-9d732805563b-461x1024.jpeg 461w, https:\/\/lukasinski.dg.pl\/wp-content\/uploads\/2024\/04\/8fccda01-7367-4582-b9e5-9d732805563b-135x300.jpeg 135w, https:\/\/lukasinski.dg.pl\/wp-content\/uploads\/2024\/04\/8fccda01-7367-4582-b9e5-9d732805563b-768x1707.jpeg 768w, https:\/\/lukasinski.dg.pl\/wp-content\/uploads\/2024\/04\/8fccda01-7367-4582-b9e5-9d732805563b-691x1536.jpeg 691w, https:\/\/lukasinski.dg.pl\/wp-content\/uploads\/2024\/04\/8fccda01-7367-4582-b9e5-9d732805563b-rotated.jpeg 900w\" sizes=\"auto, (max-width: 461px) 100vw, 461px\" \/><\/figure>\n<\/figure>\n","protected":false},"excerpt":{"rendered":"<p>09 kwietnia uczniowie klas 2b i 2e przedstawili w formie prezentacji multimedialnych tematyk\u0119 Drogi Polski do Unii Europejskiej i NATO co wpisuje si\u0119 w projekt&hellip;<\/p>\n","protected":false},"author":1,"featured_media":877,"comment_status":"closed","ping_status":"closed","sticky":false,"template":"","format":"standard","meta":{"footnotes":""},"categories":[1],"tags":[],"class_list":["post-874","post","type-post","status-publish","format-standard","has-post-thumbnail","hentry","category-bez-kategorii"],"_links":{"self":[{"href":"https:\/\/lukasinski.dg.pl\/index.php?rest_route=\/wp\/v2\/posts\/874","targetHints":{"allow":["GET"]}}],"collection":[{"href":"https:\/\/lukasinski.dg.pl\/index.php?rest_route=\/wp\/v2\/posts"}],"about":[{"href":"https:\/\/lukasinski.dg.pl\/index.php?rest_route=\/wp\/v2\/types\/post"}],"author":[{"embeddable":true,"href":"https:\/\/lukasinski.dg.pl\/index.php?rest_route=\/wp\/v2\/users\/1"}],"replies":[{"embeddable":true,"href":"https:\/\/lukasinski.dg.pl\/index.php?rest_route=%2Fwp%2Fv2%2Fcomments&post=874"}],"version-history":[{"count":1,"href":"https:\/\/lukasinski.dg.pl\/index.php?rest_route=\/wp\/v2\/posts\/874\/revisions"}],"predecessor-version":[{"id":880,"href":"https:\/\/lukasinski.dg.pl\/index.php?rest_route=\/wp\/v2\/posts\/874\/revisions\/880"}],"wp:featuredmedia":[{"embeddable":true,"href":"https:\/\/lukasinski.dg.pl\/index.php?rest_route=\/wp\/v2\/media\/877"}],"wp:attachment":[{"href":"https:\/\/lukasinski.dg.pl\/index.php?rest_route=%2Fwp%2Fv2%2Fmedia&parent=874"}],"wp:term":[{"taxonomy":"category","embeddable":true,"href":"https:\/\/lukasinski.dg.pl\/index.php?rest_route=%2Fwp%2Fv2%2Fcategories&post=874"},{"taxonomy":"post_tag","embeddable":true,"href":"https:\/\/lukasinski.dg.pl\/index.php?rest_route=%2Fwp%2Fv2%2Ftags&post=874"}],"curies":[{"name":"wp","href":"https:\/\/api.w.org\/{rel}","templated":true}]}}