{"id":881,"date":"2024-04-16T08:10:04","date_gmt":"2024-04-16T06:10:04","guid":{"rendered":"https:\/\/lukasinski.dg.pl\/?p=881"},"modified":"2024-04-16T08:10:04","modified_gmt":"2024-04-16T06:10:04","slug":"spotkanie-autorskie-z-regionalna-poetka-oraz-malarka-malgorzata-grazyna-korpikiewicz","status":"publish","type":"post","link":"https:\/\/lukasinski.dg.pl\/?p=881","title":{"rendered":"Spotkanie autorskie z regionaln\u0105 poetk\u0105 oraz malark\u0105\u00a0Ma\u0142gorzat\u0105 Gra\u017cyn\u0105 Korpikiewicz\u00a0"},"content":{"rendered":"\n<p>W ramach cyklicznych <em>spotka\u0144 z kultur\u0105 <\/em>12 kwietnia odwiedzi\u0142a bibliotek\u0119 szkoln\u0105 naszego liceum poetka i malarka Ma\u0142gorzata Gra\u017cyna Korpikiewicz.&nbsp;<\/p>\n\n\n\n<p>Wiersze oraz obrazy zaprezentowane przez artystk\u0119 spotka\u0142y si\u0119 z wielkim zainteresowaniem m\u0142odych s\u0142uchaczy z klasy Ie, kt\u00f3rzy nie szcz\u0119dzili pyta\u0144 dotycz\u0105cych warsztatu poetyckiego i inspiracji tw\u00f3rczych. Poetka podzieli\u0142a si\u0119 z nami do\u015bwiadczeniami \u017cyciowymi, kt\u00f3re mia\u0142y du\u017cy wp\u0142yw na jej dorobek artystyczny. Jeszcze raz serdecznie dzi\u0119kujemy pani Ma\u0142gorzacie Gra\u017cynie Korpikiewicz za ciekaw\u0105 lekcj\u0119 literatury i malarstwa, z niecierpliwo\u015bci\u0105 czekaj\u0105c na kolejne efekty dzia\u0142alno\u015bci artystycznej.\u00a0\u00a0<\/p>\n\n\n\n<figure class=\"wp-block-gallery has-nested-images columns-default is-cropped wp-block-gallery-1 is-layout-flex wp-block-gallery-is-layout-flex\">\n<figure class=\"wp-block-image size-large\"><img loading=\"lazy\" decoding=\"async\" width=\"768\" height=\"1024\" data-id=\"882\" src=\"https:\/\/lukasinski.dg.pl\/wp-content\/uploads\/2024\/04\/dc75fcf4-c9ee-4602-a0e5-4fd81c296d83-768x1024.jpeg\" alt=\"\" class=\"wp-image-882\" srcset=\"https:\/\/lukasinski.dg.pl\/wp-content\/uploads\/2024\/04\/dc75fcf4-c9ee-4602-a0e5-4fd81c296d83-768x1024.jpeg 768w, https:\/\/lukasinski.dg.pl\/wp-content\/uploads\/2024\/04\/dc75fcf4-c9ee-4602-a0e5-4fd81c296d83-225x300.jpeg 225w, https:\/\/lukasinski.dg.pl\/wp-content\/uploads\/2024\/04\/dc75fcf4-c9ee-4602-a0e5-4fd81c296d83-1152x1536.jpeg 1152w, https:\/\/lukasinski.dg.pl\/wp-content\/uploads\/2024\/04\/dc75fcf4-c9ee-4602-a0e5-4fd81c296d83.jpeg 1500w\" sizes=\"auto, (max-width: 768px) 100vw, 768px\" \/><\/figure>\n<\/figure>\n","protected":false},"excerpt":{"rendered":"<p>W ramach cyklicznych spotka\u0144 z kultur\u0105 12 kwietnia odwiedzi\u0142a bibliotek\u0119 szkoln\u0105 naszego liceum poetka i malarka Ma\u0142gorzata Gra\u017cyna Korpikiewicz.&nbsp; Wiersze oraz obrazy zaprezentowane przez artystk\u0119&hellip;<\/p>\n","protected":false},"author":1,"featured_media":883,"comment_status":"closed","ping_status":"closed","sticky":false,"template":"","format":"standard","meta":{"footnotes":""},"categories":[1],"tags":[],"class_list":["post-881","post","type-post","status-publish","format-standard","has-post-thumbnail","hentry","category-bez-kategorii"],"_links":{"self":[{"href":"https:\/\/lukasinski.dg.pl\/index.php?rest_route=\/wp\/v2\/posts\/881","targetHints":{"allow":["GET"]}}],"collection":[{"href":"https:\/\/lukasinski.dg.pl\/index.php?rest_route=\/wp\/v2\/posts"}],"about":[{"href":"https:\/\/lukasinski.dg.pl\/index.php?rest_route=\/wp\/v2\/types\/post"}],"author":[{"embeddable":true,"href":"https:\/\/lukasinski.dg.pl\/index.php?rest_route=\/wp\/v2\/users\/1"}],"replies":[{"embeddable":true,"href":"https:\/\/lukasinski.dg.pl\/index.php?rest_route=%2Fwp%2Fv2%2Fcomments&post=881"}],"version-history":[{"count":1,"href":"https:\/\/lukasinski.dg.pl\/index.php?rest_route=\/wp\/v2\/posts\/881\/revisions"}],"predecessor-version":[{"id":884,"href":"https:\/\/lukasinski.dg.pl\/index.php?rest_route=\/wp\/v2\/posts\/881\/revisions\/884"}],"wp:featuredmedia":[{"embeddable":true,"href":"https:\/\/lukasinski.dg.pl\/index.php?rest_route=\/wp\/v2\/media\/883"}],"wp:attachment":[{"href":"https:\/\/lukasinski.dg.pl\/index.php?rest_route=%2Fwp%2Fv2%2Fmedia&parent=881"}],"wp:term":[{"taxonomy":"category","embeddable":true,"href":"https:\/\/lukasinski.dg.pl\/index.php?rest_route=%2Fwp%2Fv2%2Fcategories&post=881"},{"taxonomy":"post_tag","embeddable":true,"href":"https:\/\/lukasinski.dg.pl\/index.php?rest_route=%2Fwp%2Fv2%2Ftags&post=881"}],"curies":[{"name":"wp","href":"https:\/\/api.w.org\/{rel}","templated":true}]}}