{"id":953,"date":"2024-05-10T13:46:08","date_gmt":"2024-05-10T11:46:08","guid":{"rendered":"https:\/\/lukasinski.dg.pl\/?p=953"},"modified":"2024-05-10T13:46:09","modified_gmt":"2024-05-10T11:46:09","slug":"artykul-w-dwutygodniku-literacko-artystycznym","status":"publish","type":"post","link":"https:\/\/lukasinski.dg.pl\/?p=953","title":{"rendered":"Artyku\u0142 w Dwutygodniku Literacko-Artystycznym"},"content":{"rendered":"\n<h3 class=\"wp-block-heading\">Artyku\u0142 w Dwutygodniku Literacko-Artystycznym<br>Przed premier\u0105 spektaklu \u201eFaust \u2013 opowie\u015b\u0107 o cz\u0142owieku szukaj\u0105cym szcz\u0119\u015bcia\u201d w wykonaniu Szkolnego Ko\u0142a Teatralnego Adamantem pan prof. dr. hab. Andrzej Lam \u2013 t\u0142umacz tragedii \u2013 wyg\u0142osi\u0142 s\u0142owo wst\u0119pne do tre\u015bci i problematyki utworu. Tekst ten zosta\u0142 zamieszczony w Dwutygodniku Literacko-Artystycznym Pisarze.pl. Zapraszamy do zapoznania si\u0119 jego tre\u015bci\u0105.<\/h3>\n\n\n\n<h3 class=\"wp-block-heading\"><br><a href=\"https:\/\/pisarze.pl\/2024\/04\/16\/andrzej-lam-wprowadzenie-do-fausta-wygloszone-przed-premierowym-spektaklem-w-dabrowie-gorniczej\/\" target=\"_blank\" rel=\"noreferrer noopener\">https:\/\/pisarze.pl\/2024\/04\/16\/andrzej-lam-wprowadzenie-do-fausta-wygloszone-przed-premierowym-spektaklem-w-dabrowie-gorniczej\/<\/a><br><br>Andrzej Lam &#8211; Wprowadzenie do \u201eFausta\u201d (wyg\u0142oszone przed premierowym spektaklem w D\u0105browie G\u00f3rniczej) &#8211; Pisarze.pl<\/h3>\n\n\n\n<p>\u201eFaust\u201d jest dzie\u0142em, kt\u00f3re iskrzy si\u0119 ogromnym bogactwem znacze\u0144, i tym bardziej ka\u017cda jego nowa &nbsp;inscenizacja \u015bwiadczy nie tylko o nim samym, ale i o czasie, w kt\u00f3rym si\u0119 ona dokonuje: co wydobyl&#8230;<\/p>\n","protected":false},"excerpt":{"rendered":"<p>Artyku\u0142 w Dwutygodniku Literacko-ArtystycznymPrzed premier\u0105 spektaklu \u201eFaust \u2013 opowie\u015b\u0107 o cz\u0142owieku szukaj\u0105cym szcz\u0119\u015bcia\u201d w wykonaniu Szkolnego Ko\u0142a Teatralnego Adamantem pan prof. dr. hab. Andrzej Lam&hellip;<\/p>\n","protected":false},"author":1,"featured_media":0,"comment_status":"closed","ping_status":"closed","sticky":false,"template":"","format":"standard","meta":{"footnotes":""},"categories":[1],"tags":[],"class_list":["post-953","post","type-post","status-publish","format-standard","hentry","category-bez-kategorii"],"_links":{"self":[{"href":"https:\/\/lukasinski.dg.pl\/index.php?rest_route=\/wp\/v2\/posts\/953","targetHints":{"allow":["GET"]}}],"collection":[{"href":"https:\/\/lukasinski.dg.pl\/index.php?rest_route=\/wp\/v2\/posts"}],"about":[{"href":"https:\/\/lukasinski.dg.pl\/index.php?rest_route=\/wp\/v2\/types\/post"}],"author":[{"embeddable":true,"href":"https:\/\/lukasinski.dg.pl\/index.php?rest_route=\/wp\/v2\/users\/1"}],"replies":[{"embeddable":true,"href":"https:\/\/lukasinski.dg.pl\/index.php?rest_route=%2Fwp%2Fv2%2Fcomments&post=953"}],"version-history":[{"count":1,"href":"https:\/\/lukasinski.dg.pl\/index.php?rest_route=\/wp\/v2\/posts\/953\/revisions"}],"predecessor-version":[{"id":954,"href":"https:\/\/lukasinski.dg.pl\/index.php?rest_route=\/wp\/v2\/posts\/953\/revisions\/954"}],"wp:attachment":[{"href":"https:\/\/lukasinski.dg.pl\/index.php?rest_route=%2Fwp%2Fv2%2Fmedia&parent=953"}],"wp:term":[{"taxonomy":"category","embeddable":true,"href":"https:\/\/lukasinski.dg.pl\/index.php?rest_route=%2Fwp%2Fv2%2Fcategories&post=953"},{"taxonomy":"post_tag","embeddable":true,"href":"https:\/\/lukasinski.dg.pl\/index.php?rest_route=%2Fwp%2Fv2%2Ftags&post=953"}],"curies":[{"name":"wp","href":"https:\/\/api.w.org\/{rel}","templated":true}]}}