{"id":972,"date":"2024-05-22T09:12:10","date_gmt":"2024-05-22T07:12:10","guid":{"rendered":"https:\/\/lukasinski.dg.pl\/?p=972"},"modified":"2024-06-06T19:25:07","modified_gmt":"2024-06-06T17:25:07","slug":"z-glebokim-smutkiem-i-zalem-zawiadamiamy-2","status":"publish","type":"post","link":"https:\/\/lukasinski.dg.pl\/?p=972","title":{"rendered":"Z g\u0142\u0119bokim smutkiem i\u00a0 \u017calem zawiadamiamy"},"content":{"rendered":"\n<p>Z g\u0142\u0119bokim smutkiem i&nbsp; \u017calem zawiadamiamy<\/p>\n\n\n\n<p>o \u015bmierci&nbsp; <strong>Pani Seweryny Gorgo\u0144<\/strong><\/p>\n\n\n\n<p>\u2013 nauczyciela, wychowawcy, kole\u017canki, przyjaciela.<\/p>\n\n\n\n<p>Pozostanie na zawsze w naszej pami\u0119ci.<\/p>\n\n\n\n<p>Rodzinie sk\u0142adamy wyrazy wsp\u00f3\u0142czucia.<\/p>\n\n\n\n<p>Dyrekcja, Rada Pedagogiczna<br>oraz ca\u0142a spo\u0142eczno\u015b\u0107<\/p>\n\n\n\n<p><strong>Msza \u015bwi\u0119ta \u017ca\u0142obna zostanie odprawiona dnia 23 maja 2024 r.<\/strong>&nbsp; o godz. 11 w ko\u015bciele pw. \u015aw. Antoniego w D\u0105browie G\u00f3rniczej. Urna z prochami zostanie przewieziona na cmentarz komunalny w Kluczborku.<\/p>\n","protected":false},"excerpt":{"rendered":"<p>Z g\u0142\u0119bokim smutkiem i&nbsp; \u017calem zawiadamiamy o \u015bmierci&nbsp; Pani Seweryny Gorgo\u0144 \u2013 nauczyciela, wychowawcy, kole\u017canki, przyjaciela. Pozostanie na zawsze w naszej pami\u0119ci. Rodzinie sk\u0142adamy wyrazy&hellip;<\/p>\n","protected":false},"author":1,"featured_media":973,"comment_status":"closed","ping_status":"closed","sticky":false,"template":"","format":"standard","meta":{"footnotes":""},"categories":[1],"tags":[],"class_list":["post-972","post","type-post","status-publish","format-standard","has-post-thumbnail","hentry","category-bez-kategorii"],"_links":{"self":[{"href":"https:\/\/lukasinski.dg.pl\/index.php?rest_route=\/wp\/v2\/posts\/972","targetHints":{"allow":["GET"]}}],"collection":[{"href":"https:\/\/lukasinski.dg.pl\/index.php?rest_route=\/wp\/v2\/posts"}],"about":[{"href":"https:\/\/lukasinski.dg.pl\/index.php?rest_route=\/wp\/v2\/types\/post"}],"author":[{"embeddable":true,"href":"https:\/\/lukasinski.dg.pl\/index.php?rest_route=\/wp\/v2\/users\/1"}],"replies":[{"embeddable":true,"href":"https:\/\/lukasinski.dg.pl\/index.php?rest_route=%2Fwp%2Fv2%2Fcomments&post=972"}],"version-history":[{"count":1,"href":"https:\/\/lukasinski.dg.pl\/index.php?rest_route=\/wp\/v2\/posts\/972\/revisions"}],"predecessor-version":[{"id":974,"href":"https:\/\/lukasinski.dg.pl\/index.php?rest_route=\/wp\/v2\/posts\/972\/revisions\/974"}],"wp:featuredmedia":[{"embeddable":true,"href":"https:\/\/lukasinski.dg.pl\/index.php?rest_route=\/wp\/v2\/media\/973"}],"wp:attachment":[{"href":"https:\/\/lukasinski.dg.pl\/index.php?rest_route=%2Fwp%2Fv2%2Fmedia&parent=972"}],"wp:term":[{"taxonomy":"category","embeddable":true,"href":"https:\/\/lukasinski.dg.pl\/index.php?rest_route=%2Fwp%2Fv2%2Fcategories&post=972"},{"taxonomy":"post_tag","embeddable":true,"href":"https:\/\/lukasinski.dg.pl\/index.php?rest_route=%2Fwp%2Fv2%2Ftags&post=972"}],"curies":[{"name":"wp","href":"https:\/\/api.w.org\/{rel}","templated":true}]}}